{"id":37634,"date":"2016-02-01T12:42:06","date_gmt":"2016-02-01T10:42:06","guid":{"rendered":"http:\/\/www.sana.sy\/es\/?p=37634"},"modified":"2016-02-01T18:10:18","modified_gmt":"2016-02-01T16:10:18","slug":"gatilov-examinara-con-de-mistura-y-la-delegacion-de-eeuu-en-ginebra-desarrollo-del-dialogo-intersirio","status":"publish","type":"post","link":"https:\/\/archive.sana.sy\/es\/?p=37634","title":{"rendered":"Gatilov: El denominado \u00a8Yesh Al-Islam\u00a8 es una organizaci\u00f3n terrorista"},"content":{"rendered":"<p><span style=\"color: #800000\">Mosc\u00fa, SANA<\/span><\/p>\n<p>El vicecanciller ruso Genady Gatilov reiter\u00f3 que el denominado \u00a8Yesh Al-Islam\u00a8 es una organizaci\u00f3n terrorista y sus representantes no tiene lugar en las filas de la delegaci\u00f3n de la oposici\u00f3n que participa en el dialogo intra-sirio.<\/p>\n<p>Asimismo destac\u00f3 que el enviado especial de la ONU Staffan De Mistura es quien tomar\u00e1 la decisi\u00f3n al respecto.<\/p>\n<p><span style=\"color: #0000ff\">Gatilov se re\u00fane con De Mistura y la delegaci\u00f3n estadounidense en Ginebra<\/span><\/p>\n<p>Cabe recordar que\u00a0Gatilov hab\u00eda\u00a0anunciado\u00a0que va a examinar este\u00a0lunes con el enviado del Secretario General de las Naciones Unidas a Siria, Staffan De Mistura y con la delegaci\u00f3n estadounidense en Ginebra, la marcha del di\u00e1logo intersirio.<\/p>\n<p>La agencia de noticias rusa &#8220;Sputnik&#8221; cit\u00f3 a Gatilov diciendo que &#8220;se debatir\u00e1n en las dos reuniones todo lo relacionado con las conversaciones en curso en Ginebra entre las delegaciones del Gobierno sirio y la oposici\u00f3n.&#8221;<\/p>\n<p>Las Naciones Unidas hab\u00eda anunciado que De Mistura se reunir\u00e1 este lunes con la delegaci\u00f3n de la Rep\u00fablica \u00c1rabe Siria y la delegaci\u00f3n de la oposici\u00f3n en Riad.<\/p>\n<p><span style=\"color: #0000ff\">Fady M., Lynn A., \u00a0Hala B.-Y.K.<\/span><\/p>\n<p>&nbsp;<\/p>\n<p>&nbsp;<\/p>\n","protected":false},"excerpt":{"rendered":"<p>Mosc\u00fa, SANA El vicecanciller ruso Genady Gatilov reiter\u00f3 que el denominado \u00a8Yesh Al-Islam\u00a8 es una organizaci\u00f3n terrorista y sus representantes no tiene lugar en las filas de la delegaci\u00f3n de la oposici\u00f3n que participa en el dialogo intra-sirio. Asimismo destac\u00f3 que el enviado especial de la ONU Staffan De Mistura es quien tomar\u00e1 la decisi\u00f3n &hellip;<\/p>\n","protected":false},"author":1,"featured_media":37635,"comment_status":"closed","ping_status":"closed","sticky":false,"template":"","format":"standard","meta":{"footnotes":""},"categories":[597,456,576,7541],"tags":[7906,7910,7909],"class_list":["post-37634","post","type-post","status-publish","format-standard","has-post-thumbnail","","category-cinta-de-noticias","category-arabe-internacional-politica","category-noticias-politicas","category-ultimas-noticias","tag-gatilov-examinara-con-de-mistura-y-la-delegacion-de-eeuu-en-ginebra-desarrollo-del-dialogo-intersirio","tag-gatilov-se-reune-con-de-mistura-y-la-delegacion-estadounidense-en-ginebra","tag-lynn-a"],"_links":{"self":[{"href":"https:\/\/archive.sana.sy\/es\/index.php?rest_route=\/wp\/v2\/posts\/37634"}],"collection":[{"href":"https:\/\/archive.sana.sy\/es\/index.php?rest_route=\/wp\/v2\/posts"}],"about":[{"href":"https:\/\/archive.sana.sy\/es\/index.php?rest_route=\/wp\/v2\/types\/post"}],"author":[{"embeddable":true,"href":"https:\/\/archive.sana.sy\/es\/index.php?rest_route=\/wp\/v2\/users\/1"}],"replies":[{"embeddable":true,"href":"https:\/\/archive.sana.sy\/es\/index.php?rest_route=%2Fwp%2Fv2%2Fcomments&post=37634"}],"version-history":[{"count":0,"href":"https:\/\/archive.sana.sy\/es\/index.php?rest_route=\/wp\/v2\/posts\/37634\/revisions"}],"wp:featuredmedia":[{"embeddable":true,"href":"https:\/\/archive.sana.sy\/es\/index.php?rest_route=\/wp\/v2\/media\/37635"}],"wp:attachment":[{"href":"https:\/\/archive.sana.sy\/es\/index.php?rest_route=%2Fwp%2Fv2%2Fmedia&parent=37634"}],"wp:term":[{"taxonomy":"category","embeddable":true,"href":"https:\/\/archive.sana.sy\/es\/index.php?rest_route=%2Fwp%2Fv2%2Fcategories&post=37634"},{"taxonomy":"post_tag","embeddable":true,"href":"https:\/\/archive.sana.sy\/es\/index.php?rest_route=%2Fwp%2Fv2%2Ftags&post=37634"}],"curies":[{"name":"wp","href":"https:\/\/api.w.org\/{rel}","templated":true}]}}