{"id":37664,"date":"2016-02-01T19:33:04","date_gmt":"2016-02-01T17:33:04","guid":{"rendered":"http:\/\/www.sana.sy\/es\/?p=37664"},"modified":"2016-02-01T19:33:04","modified_gmt":"2016-02-01T17:33:04","slug":"cancilleria-rusa-los-atentados-terroristas-que-sacudieron-sayyeda-zeinab-destinados-a-frustrar-el-dialogo-sirio-sirio","status":"publish","type":"post","link":"https:\/\/archive.sana.sy\/es\/?p=37664","title":{"rendered":"Canciller\u00eda rusa: Los atentados terroristas que sacudieron Sayyeda Zeinab destinados a frustrar el dialogo sirio-sirio"},"content":{"rendered":"<p>Mosc\u00f3-SANA<\/p>\n<p>La canciller\u00eda de Rusia ha afirmado que los atentados terroristas que apuntaron ayer contra la zona de Sayyeda Zeinab, en los suburbios de Damasco, no son m\u00e1s que intentos para hacer fracasar al dialogo intra-sirio que tiene lugar en Ginebra.<\/p>\n<p>El ministerio ruso de exteriores dijo en un comunicado que aquellos que planean y ejecutan tales actos terroristas, est\u00e1n intentando de frustrar el dialogo entre las partes sirias.<\/p>\n<p>El comunicado se\u00f1al\u00f3 que la r\u00e1pida erradicaci\u00f3n del terrorismo en Siria constituye una prioridad urgente.<\/p>\n<p>\u00a8Sin la erradicaci\u00f3n del terrorismo no se puede llevar a la normalizaci\u00f3n de la situaci\u00f3n en Siria ni en el Oriente Medio\u00a8, agreg\u00f3 el comunicado.<\/p>\n<p>Yamil K.<\/p>\n","protected":false},"excerpt":{"rendered":"<p>Mosc\u00f3-SANA La canciller\u00eda de Rusia ha afirmado que los atentados terroristas que apuntaron ayer contra la zona de Sayyeda Zeinab, en los suburbios de Damasco, no son m\u00e1s que intentos para hacer fracasar al dialogo intra-sirio que tiene lugar en Ginebra. El ministerio ruso de exteriores dijo en un comunicado que aquellos que planean y &hellip;<\/p>\n","protected":false},"author":1,"featured_media":29581,"comment_status":"closed","ping_status":"closed","sticky":false,"template":"","format":"standard","meta":{"footnotes":""},"categories":[456,457,576,7541],"tags":[],"class_list":["post-37664","post","type-post","status-publish","format-standard","has-post-thumbnail","","category-arabe-internacional-politica","category-noticias-arabe-internacional-politica","category-noticias-politicas","category-ultimas-noticias"],"_links":{"self":[{"href":"https:\/\/archive.sana.sy\/es\/index.php?rest_route=\/wp\/v2\/posts\/37664"}],"collection":[{"href":"https:\/\/archive.sana.sy\/es\/index.php?rest_route=\/wp\/v2\/posts"}],"about":[{"href":"https:\/\/archive.sana.sy\/es\/index.php?rest_route=\/wp\/v2\/types\/post"}],"author":[{"embeddable":true,"href":"https:\/\/archive.sana.sy\/es\/index.php?rest_route=\/wp\/v2\/users\/1"}],"replies":[{"embeddable":true,"href":"https:\/\/archive.sana.sy\/es\/index.php?rest_route=%2Fwp%2Fv2%2Fcomments&post=37664"}],"version-history":[{"count":0,"href":"https:\/\/archive.sana.sy\/es\/index.php?rest_route=\/wp\/v2\/posts\/37664\/revisions"}],"wp:featuredmedia":[{"embeddable":true,"href":"https:\/\/archive.sana.sy\/es\/index.php?rest_route=\/wp\/v2\/media\/29581"}],"wp:attachment":[{"href":"https:\/\/archive.sana.sy\/es\/index.php?rest_route=%2Fwp%2Fv2%2Fmedia&parent=37664"}],"wp:term":[{"taxonomy":"category","embeddable":true,"href":"https:\/\/archive.sana.sy\/es\/index.php?rest_route=%2Fwp%2Fv2%2Fcategories&post=37664"},{"taxonomy":"post_tag","embeddable":true,"href":"https:\/\/archive.sana.sy\/es\/index.php?rest_route=%2Fwp%2Fv2%2Ftags&post=37664"}],"curies":[{"name":"wp","href":"https:\/\/api.w.org\/{rel}","templated":true}]}}