{"id":37673,"date":"2016-02-02T11:17:15","date_gmt":"2016-02-02T09:17:15","guid":{"rendered":"http:\/\/www.sana.sy\/es\/?p=37673"},"modified":"2016-02-02T11:36:12","modified_gmt":"2016-02-02T09:36:12","slug":"de-mistura-no-debe-haber-precondiciones-para-el-dialogo-intersirio","status":"publish","type":"post","link":"https:\/\/archive.sana.sy\/es\/?p=37673","title":{"rendered":"De Mistura: no debe haber precondiciones para el di\u00e1logo intersirio"},"content":{"rendered":"<p><span style=\"color: #800000\">Ginebra, SANA<\/span><\/p>\n<p>El enviado especial de las Naciones Unidas a Siria, Staffan de Mistura, celebr\u00f3 una conferencia de prensa tras su reuni\u00f3n con la delegaci\u00f3n de la &#8220;oposici\u00f3n de Riad&#8221;.<\/p>\n<p>Fuentes de las Naciones Unidas indicaron que las conversaciones de De Mistura con la delegaci\u00f3n de la &#8220;oposici\u00f3n de Riad&#8221; se llevaron a cabo sin ning\u00fan tipo de condiciones previas, y de acuerdo a lo pedido por las Naciones Unidas y el Grupo de Apoyo Internacional para Siria.<\/p>\n<p>De Mistura opin\u00f3 que &#8220;para que el di\u00e1logo intersirio tenga \u00e9xito los sirios deben ver hechos concretos sobre el terreno para reducir la violencia, los atentados y el bloqueo en algunas \u00e1reas&#8221;.<\/p>\n<p>El enviado de la ONU inform\u00f3 que se reunir\u00e1 esta ma\u00f1ana del martes con representantes del gobierno y en la tarde con el Alto Comit\u00e9 de la &#8220;oposici\u00f3n de Riad&#8221;\u00a0para conversar con m\u00e1s profundidad sobre los temas que plantearon que les preocupa &#8220;.<\/p>\n<p>Por otro lado, precis\u00f3 que &#8220;Rusia y Estados Unidos que son los patrocinadores oficiales del Grupo Internacional de Apoyo para Siria, est\u00e1n desempe\u00f1ando todos los esfuerzos posible para el \u00e9xito del di\u00e1logo intersirio&#8221;, reiterando que no hay que imponer condiciones previas.<\/p>\n<p>De Mistura neg\u00f3 que haya recibido alguna lista de los detenidos seg\u00fan declar\u00f3 la oposici\u00f3n.<\/p>\n<p><span style=\"color: #0000ff\"><strong>Fady M., Hala B.<\/strong><\/span><\/p>\n","protected":false},"excerpt":{"rendered":"<p>Ginebra, SANA El enviado especial de las Naciones Unidas a Siria, Staffan de Mistura, celebr\u00f3 una conferencia de prensa tras su reuni\u00f3n con la delegaci\u00f3n de la &#8220;oposici\u00f3n de Riad&#8221;. Fuentes de las Naciones Unidas indicaron que las conversaciones de De Mistura con la delegaci\u00f3n de la &#8220;oposici\u00f3n de Riad&#8221; se llevaron a cabo sin &hellip;<\/p>\n","protected":false},"author":1,"featured_media":37674,"comment_status":"closed","ping_status":"closed","sticky":false,"template":"","format":"standard","meta":{"footnotes":""},"categories":[456,457,576,7541],"tags":[7912],"class_list":["post-37673","post","type-post","status-publish","format-standard","has-post-thumbnail","","category-arabe-internacional-politica","category-noticias-arabe-internacional-politica","category-noticias-politicas","category-ultimas-noticias","tag-de-mistura-no-debe-haber-precondiciones-para-el-dialogo-intersirio"],"_links":{"self":[{"href":"https:\/\/archive.sana.sy\/es\/index.php?rest_route=\/wp\/v2\/posts\/37673"}],"collection":[{"href":"https:\/\/archive.sana.sy\/es\/index.php?rest_route=\/wp\/v2\/posts"}],"about":[{"href":"https:\/\/archive.sana.sy\/es\/index.php?rest_route=\/wp\/v2\/types\/post"}],"author":[{"embeddable":true,"href":"https:\/\/archive.sana.sy\/es\/index.php?rest_route=\/wp\/v2\/users\/1"}],"replies":[{"embeddable":true,"href":"https:\/\/archive.sana.sy\/es\/index.php?rest_route=%2Fwp%2Fv2%2Fcomments&post=37673"}],"version-history":[{"count":0,"href":"https:\/\/archive.sana.sy\/es\/index.php?rest_route=\/wp\/v2\/posts\/37673\/revisions"}],"wp:featuredmedia":[{"embeddable":true,"href":"https:\/\/archive.sana.sy\/es\/index.php?rest_route=\/wp\/v2\/media\/37674"}],"wp:attachment":[{"href":"https:\/\/archive.sana.sy\/es\/index.php?rest_route=%2Fwp%2Fv2%2Fmedia&parent=37673"}],"wp:term":[{"taxonomy":"category","embeddable":true,"href":"https:\/\/archive.sana.sy\/es\/index.php?rest_route=%2Fwp%2Fv2%2Fcategories&post=37673"},{"taxonomy":"post_tag","embeddable":true,"href":"https:\/\/archive.sana.sy\/es\/index.php?rest_route=%2Fwp%2Fv2%2Ftags&post=37673"}],"curies":[{"name":"wp","href":"https:\/\/api.w.org\/{rel}","templated":true}]}}