{"id":37676,"date":"2016-02-02T11:19:02","date_gmt":"2016-02-02T09:19:02","guid":{"rendered":"http:\/\/www.sana.sy\/es\/?p=37676"},"modified":"2016-02-02T11:32:08","modified_gmt":"2016-02-02T09:32:08","slug":"moscu-y-teheran-reiteran-su-postura-de-respeto-al-derecho-del-pueblo-sirio-a-decidir-su-futuro-sin-intervencion-externa","status":"publish","type":"post","link":"https:\/\/archive.sana.sy\/es\/?p=37676","title":{"rendered":"Mosc\u00fa y Teher\u00e1n reiteran su postura de respeto al derecho del pueblo sirio a decidir su futuro sin intervenci\u00f3n externa"},"content":{"rendered":"<p><span style=\"color: #800000\">Mosc\u00fa, SANA<\/span><\/p>\n<p>El asesor del l\u00edder supremo iran\u00ed, Al\u00ed Akbar Velayat\u00ed, se reuni\u00f3 el lunes con el enviado especial del Kremlin para Siria, Alexandr Lavrentiev, para abordar la lucha antiterrorista y la resoluci\u00f3n del conflicto de Siria.<\/p>\n<p>La embajada de Ir\u00e1n en Mosc\u00fa inform\u00f3 que &#8220;Velayat\u00ed mantuvo la tarde del lunes un importante y prolongado encuentro con Alexandr Lavrentiev, enviado especial del presidente ruso para Siria&#8221;.<\/p>\n<p>Durante la reuni\u00f3n, las partes intercambiaron opiniones sobre &#8220;temas y asuntos importantes que afectan a Siria y la regi\u00f3n, as\u00ed como la cooperaci\u00f3n ruso-iran\u00ed, en particular en el marco de la coalici\u00f3n cuatripartita&#8221; antiterrorista.<\/p>\n<p>Seg\u00fan las fuentes de la embajada, Velayat\u00ed y Lavr\u00e9ntiev coincidieron en hacer hincapi\u00e9 en la v\u00eda intersiria y el respeto del derecho leg\u00edtimo del pueblo sirio a decidir su futuro sin intervenci\u00f3n externa y sin implicaci\u00f3n de grupos terroristas&#8221;.<\/p>\n<p><span style=\"color: #0000ff\"><strong>Fady M., Hala B.<\/strong><\/span><\/p>\n","protected":false},"excerpt":{"rendered":"<p>Mosc\u00fa, SANA El asesor del l\u00edder supremo iran\u00ed, Al\u00ed Akbar Velayat\u00ed, se reuni\u00f3 el lunes con el enviado especial del Kremlin para Siria, Alexandr Lavrentiev, para abordar la lucha antiterrorista y la resoluci\u00f3n del conflicto de Siria. La embajada de Ir\u00e1n en Mosc\u00fa inform\u00f3 que &#8220;Velayat\u00ed mantuvo la tarde del lunes un importante y prolongado &hellip;<\/p>\n","protected":false},"author":1,"featured_media":37677,"comment_status":"closed","ping_status":"closed","sticky":false,"template":"","format":"standard","meta":{"footnotes":""},"categories":[597,456,457,576,7541],"tags":[7913],"class_list":["post-37676","post","type-post","status-publish","format-standard","has-post-thumbnail","","category-cinta-de-noticias","category-arabe-internacional-politica","category-noticias-arabe-internacional-politica","category-noticias-politicas","category-ultimas-noticias","tag-moscu-y-teheran-reiteran-su-postura-de-respeto-al-derecho-del-pueblo-sirio-a-decidir-su-futuro-sin-intervencion-externa"],"_links":{"self":[{"href":"https:\/\/archive.sana.sy\/es\/index.php?rest_route=\/wp\/v2\/posts\/37676"}],"collection":[{"href":"https:\/\/archive.sana.sy\/es\/index.php?rest_route=\/wp\/v2\/posts"}],"about":[{"href":"https:\/\/archive.sana.sy\/es\/index.php?rest_route=\/wp\/v2\/types\/post"}],"author":[{"embeddable":true,"href":"https:\/\/archive.sana.sy\/es\/index.php?rest_route=\/wp\/v2\/users\/1"}],"replies":[{"embeddable":true,"href":"https:\/\/archive.sana.sy\/es\/index.php?rest_route=%2Fwp%2Fv2%2Fcomments&post=37676"}],"version-history":[{"count":0,"href":"https:\/\/archive.sana.sy\/es\/index.php?rest_route=\/wp\/v2\/posts\/37676\/revisions"}],"wp:featuredmedia":[{"embeddable":true,"href":"https:\/\/archive.sana.sy\/es\/index.php?rest_route=\/wp\/v2\/media\/37677"}],"wp:attachment":[{"href":"https:\/\/archive.sana.sy\/es\/index.php?rest_route=%2Fwp%2Fv2%2Fmedia&parent=37676"}],"wp:term":[{"taxonomy":"category","embeddable":true,"href":"https:\/\/archive.sana.sy\/es\/index.php?rest_route=%2Fwp%2Fv2%2Fcategories&post=37676"},{"taxonomy":"post_tag","embeddable":true,"href":"https:\/\/archive.sana.sy\/es\/index.php?rest_route=%2Fwp%2Fv2%2Ftags&post=37676"}],"curies":[{"name":"wp","href":"https:\/\/api.w.org\/{rel}","templated":true}]}}