{"id":37682,"date":"2016-02-02T10:22:59","date_gmt":"2016-02-02T08:22:59","guid":{"rendered":"http:\/\/www.sana.sy\/es\/?p=37682"},"modified":"2016-02-02T11:23:16","modified_gmt":"2016-02-02T09:23:16","slug":"madrid-condena-recientes-atentados-en-sayeda-zeinab","status":"publish","type":"post","link":"https:\/\/archive.sana.sy\/es\/?p=37682","title":{"rendered":"Madrid condena recientes atentados en Sayeda Zeinab"},"content":{"rendered":"<p><span style=\"color: #800000\">Madrid, SANA<\/span><\/p>\n<p>&nbsp;<\/p>\n<p>El Ministerio de Exteriores espa\u00f1ol conden\u00f3 &#8220;en los t\u00e9rminos m\u00e1s en\u00e9rgicos&#8221; los atentados terroristas que se produjeron en la ciudad de Sayeda Zeinab, cerca de Damasco, y afirm\u00f3 que esos atentados terroristas criminales apuntan contra el di\u00e1logo intersirio en Ginebra.<\/p>\n<p>&nbsp;<\/p>\n<p>Un comunicado de la canciller\u00eda espa\u00f1ola publicado en su p\u00e1gina oficial en &#8220;Twitter&#8221; dijo que el Gobierno espa\u00f1ol espera que la ronda de di\u00e1logo intersirio en Ginebra es un paso serio y realista para poner fin a la &#8220;guerra devastadora en Siria, y que caus\u00f3 destrucci\u00f3n y caos en el pa\u00eds, y provoc\u00f3 un sufrimiento terrible y tr\u00e1gico para el pueblo sirio.<\/p>\n<p>&nbsp;<\/p>\n<p>Cabe resaltar que m\u00e1s de 50 civiles murieron y otros 100 resultaron heridas el domingo en triple atentado terrorista en el distrito de Sayeda Zeinab al sudeste de Damasco.<\/p>\n<p><span style=\"color: #0000ff\">\u00a0<\/span><br \/>\n<span style=\"color: #0000ff\"><strong>Fady M., Hala B.<\/strong><\/span><\/p>\n","protected":false},"excerpt":{"rendered":"<p>Madrid, SANA &nbsp; El Ministerio de Exteriores espa\u00f1ol conden\u00f3 &#8220;en los t\u00e9rminos m\u00e1s en\u00e9rgicos&#8221; los atentados terroristas que se produjeron en la ciudad de Sayeda Zeinab, cerca de Damasco, y afirm\u00f3 que esos atentados terroristas criminales apuntan contra el di\u00e1logo intersirio en Ginebra. &nbsp; Un comunicado de la canciller\u00eda espa\u00f1ola publicado en su p\u00e1gina oficial &hellip;<\/p>\n","protected":false},"author":1,"featured_media":37683,"comment_status":"closed","ping_status":"closed","sticky":false,"template":"","format":"standard","meta":{"footnotes":""},"categories":[597,456,576,7541],"tags":[7915],"class_list":["post-37682","post","type-post","status-publish","format-standard","has-post-thumbnail","","category-cinta-de-noticias","category-arabe-internacional-politica","category-noticias-politicas","category-ultimas-noticias","tag-madrid-condena-recientes-atentados-en-sayeda-zeinab"],"_links":{"self":[{"href":"https:\/\/archive.sana.sy\/es\/index.php?rest_route=\/wp\/v2\/posts\/37682"}],"collection":[{"href":"https:\/\/archive.sana.sy\/es\/index.php?rest_route=\/wp\/v2\/posts"}],"about":[{"href":"https:\/\/archive.sana.sy\/es\/index.php?rest_route=\/wp\/v2\/types\/post"}],"author":[{"embeddable":true,"href":"https:\/\/archive.sana.sy\/es\/index.php?rest_route=\/wp\/v2\/users\/1"}],"replies":[{"embeddable":true,"href":"https:\/\/archive.sana.sy\/es\/index.php?rest_route=%2Fwp%2Fv2%2Fcomments&post=37682"}],"version-history":[{"count":0,"href":"https:\/\/archive.sana.sy\/es\/index.php?rest_route=\/wp\/v2\/posts\/37682\/revisions"}],"wp:featuredmedia":[{"embeddable":true,"href":"https:\/\/archive.sana.sy\/es\/index.php?rest_route=\/wp\/v2\/media\/37683"}],"wp:attachment":[{"href":"https:\/\/archive.sana.sy\/es\/index.php?rest_route=%2Fwp%2Fv2%2Fmedia&parent=37682"}],"wp:term":[{"taxonomy":"category","embeddable":true,"href":"https:\/\/archive.sana.sy\/es\/index.php?rest_route=%2Fwp%2Fv2%2Fcategories&post=37682"},{"taxonomy":"post_tag","embeddable":true,"href":"https:\/\/archive.sana.sy\/es\/index.php?rest_route=%2Fwp%2Fv2%2Ftags&post=37682"}],"curies":[{"name":"wp","href":"https:\/\/api.w.org\/{rel}","templated":true}]}}