{"id":37690,"date":"2016-02-02T11:01:42","date_gmt":"2016-02-02T09:01:42","guid":{"rendered":"http:\/\/www.sana.sy\/es\/?p=37690"},"modified":"2016-02-02T13:11:24","modified_gmt":"2016-02-02T11:11:24","slug":"graduados-450-nuevos-integrantes-de-facciones-de-autoproteccion-en-deraa","status":"publish","type":"post","link":"https:\/\/archive.sana.sy\/es\/?p=37690","title":{"rendered":"Graduados 450 nuevos integrantes de Facciones de Autoprotecci\u00f3n en Deraa"},"content":{"rendered":"<p><span style=\"color: #800000\">Deraa, SANA<\/span><\/p>\n<p>Se celebr\u00f3 este lunes la graduaci\u00f3n del segundo grupo de Facciones de Autoprotecci\u00f3n.<\/p>\n<p>En la ceremonia de graduaci\u00f3n, el gobernador de Deraa, Mohammad Khaled al Hannus, dijo que &#8220;la graduaci\u00f3n de esos j\u00f3venes se deriva de la creciente fe de los ciudadanos en el importante rol que debe desempe\u00f1ar cada sirio en la guerra contra el terrorismo, en la autodefensa y en la protecci\u00f3n de los establecimientos privados y p\u00fablicos&#8221;.<\/p>\n<p>Al Hannus precis\u00f3 que &#8220;la graduaci\u00f3n de esos j\u00f3venes combatientes coincide con la liberaci\u00f3n de la estrat\u00e9gica ciudad de Sheik Meskin de las bandas de los terroristas y los mercenarios, y esos j\u00f3venes se encargar\u00e1n de fortalecer la estabilidad y la seguridad en esa ciudad&#8221;.<\/p>\n<p>Por su parte, el Secretario de Partido Baath \u00c1rabe Socialista, en la provincia de Deraa, Kamal Etmah, dijo que la &#8220;afiliaci\u00f3n de los j\u00f3venes de Deraa en las Facciones de Autodefensa parte de su entusiasmo patri\u00f3tico en la necesidad de asumir sus responsabilidades \u00a0de defender la patria junto a las unidades militares que luchan contra el terrorismo&#8221;.<\/p>\n<p>El general comandante del nuevo grupo de combatientes voluntarios destac\u00f3 que &#8220;los vecinos de Deraa han mostrado entusiasmo e inter\u00e9s en unirse a las Facciones de Autoprotecci\u00f3n para que puedan apoyar a las Fuerzas Armadas en las zonas que fueron recuperadas de las organizaciones terroristas&#8221;.<\/p>\n<p>Asimismo, revel\u00f3 que &#8220;los 450 combatientes graduados recibieron entrenamiento para las habilidades de defender y combatir, y proteger a las propiedades privadas y p\u00fablicas&#8221;.<\/p>\n<p><span style=\"color: #0000ff\"><strong>Fady M., Hala B.<\/strong><\/span><\/p>\n","protected":false},"excerpt":{"rendered":"<p>Deraa, SANA Se celebr\u00f3 este lunes la graduaci\u00f3n del segundo grupo de Facciones de Autoprotecci\u00f3n. En la ceremonia de graduaci\u00f3n, el gobernador de Deraa, Mohammad Khaled al Hannus, dijo que &#8220;la graduaci\u00f3n de esos j\u00f3venes se deriva de la creciente fe de los ciudadanos en el importante rol que debe desempe\u00f1ar cada sirio en la &hellip;<\/p>\n","protected":false},"author":1,"featured_media":37691,"comment_status":"closed","ping_status":"closed","sticky":false,"template":"","format":"standard","meta":{"footnotes":""},"categories":[477,476,583],"tags":[7916],"class_list":["post-37690","post","type-post","status-publish","format-standard","has-post-thumbnail","","category-noticias-edulcorantes","category-locales","category-slide","tag-graduados-450-nuevos-integrantes-de-facciones-de-autoproteccion-en-deraa"],"_links":{"self":[{"href":"https:\/\/archive.sana.sy\/es\/index.php?rest_route=\/wp\/v2\/posts\/37690"}],"collection":[{"href":"https:\/\/archive.sana.sy\/es\/index.php?rest_route=\/wp\/v2\/posts"}],"about":[{"href":"https:\/\/archive.sana.sy\/es\/index.php?rest_route=\/wp\/v2\/types\/post"}],"author":[{"embeddable":true,"href":"https:\/\/archive.sana.sy\/es\/index.php?rest_route=\/wp\/v2\/users\/1"}],"replies":[{"embeddable":true,"href":"https:\/\/archive.sana.sy\/es\/index.php?rest_route=%2Fwp%2Fv2%2Fcomments&post=37690"}],"version-history":[{"count":0,"href":"https:\/\/archive.sana.sy\/es\/index.php?rest_route=\/wp\/v2\/posts\/37690\/revisions"}],"wp:featuredmedia":[{"embeddable":true,"href":"https:\/\/archive.sana.sy\/es\/index.php?rest_route=\/wp\/v2\/media\/37691"}],"wp:attachment":[{"href":"https:\/\/archive.sana.sy\/es\/index.php?rest_route=%2Fwp%2Fv2%2Fmedia&parent=37690"}],"wp:term":[{"taxonomy":"category","embeddable":true,"href":"https:\/\/archive.sana.sy\/es\/index.php?rest_route=%2Fwp%2Fv2%2Fcategories&post=37690"},{"taxonomy":"post_tag","embeddable":true,"href":"https:\/\/archive.sana.sy\/es\/index.php?rest_route=%2Fwp%2Fv2%2Ftags&post=37690"}],"curies":[{"name":"wp","href":"https:\/\/api.w.org\/{rel}","templated":true}]}}