{"id":37808,"date":"2016-02-03T11:21:35","date_gmt":"2016-02-03T09:21:35","guid":{"rendered":"http:\/\/www.sana.sy\/es\/?p=37808"},"modified":"2016-02-03T16:24:46","modified_gmt":"2016-02-03T14:24:46","slug":"pekin-hara-todo-lo-posible-para-el-exito-del-dialogo-intersirio-en-ginebra","status":"publish","type":"post","link":"https:\/\/archive.sana.sy\/es\/?p=37808","title":{"rendered":"&#8220;Pek\u00edn har\u00e1 todo lo posible para el \u00e9xito del di\u00e1logo intersirio en Ginebra&#8221;"},"content":{"rendered":"<p style=\"text-align: justify\"><span style=\"color: #800000\">Ginebra, SANA<\/span><\/p>\n<p style=\"text-align: justify\">El embajador de China ante las Naciones Unidas en Ginebra, Wu Hai Long, dijo que su pa\u00eds como amigo de Siria, va a hacer todo lo posible para garantizar el \u00e9xito del di\u00e1logo intersirio en Ginebra.<\/p>\n<p style=\"text-align: justify\">En una declaraci\u00f3n a la prensa, el delegado chino manifest\u00f3 su esperanza de que todas las partes involucradas act\u00faen con flexibilidad en el di\u00e1logo y que se logre un avance porque eso es exactamente lo que le importa al pueblo sirio&#8221;.<\/p>\n<p style=\"text-align: justify\">El diplom\u00e1tico chino esper\u00f3 que el di\u00e1logo intersirio en Ginebra termine &#8220;con buenos resultados en este per\u00edodo.&#8221;<\/p>\n<p style=\"text-align: justify\"><span style=\"color: #0000ff\"><strong>Fady M., Hala B.<\/strong><\/span><\/p>\n","protected":false},"excerpt":{"rendered":"<p>Ginebra, SANA El embajador de China ante las Naciones Unidas en Ginebra, Wu Hai Long, dijo que su pa\u00eds como amigo de Siria, va a hacer todo lo posible para garantizar el \u00e9xito del di\u00e1logo intersirio en Ginebra. En una declaraci\u00f3n a la prensa, el delegado chino manifest\u00f3 su esperanza de que todas las partes &hellip;<\/p>\n","protected":false},"author":1,"featured_media":37809,"comment_status":"closed","ping_status":"closed","sticky":false,"template":"","format":"standard","meta":{"footnotes":""},"categories":[456,457,7541],"tags":[],"class_list":["post-37808","post","type-post","status-publish","format-standard","has-post-thumbnail","","category-arabe-internacional-politica","category-noticias-arabe-internacional-politica","category-ultimas-noticias"],"_links":{"self":[{"href":"https:\/\/archive.sana.sy\/es\/index.php?rest_route=\/wp\/v2\/posts\/37808"}],"collection":[{"href":"https:\/\/archive.sana.sy\/es\/index.php?rest_route=\/wp\/v2\/posts"}],"about":[{"href":"https:\/\/archive.sana.sy\/es\/index.php?rest_route=\/wp\/v2\/types\/post"}],"author":[{"embeddable":true,"href":"https:\/\/archive.sana.sy\/es\/index.php?rest_route=\/wp\/v2\/users\/1"}],"replies":[{"embeddable":true,"href":"https:\/\/archive.sana.sy\/es\/index.php?rest_route=%2Fwp%2Fv2%2Fcomments&post=37808"}],"version-history":[{"count":0,"href":"https:\/\/archive.sana.sy\/es\/index.php?rest_route=\/wp\/v2\/posts\/37808\/revisions"}],"wp:featuredmedia":[{"embeddable":true,"href":"https:\/\/archive.sana.sy\/es\/index.php?rest_route=\/wp\/v2\/media\/37809"}],"wp:attachment":[{"href":"https:\/\/archive.sana.sy\/es\/index.php?rest_route=%2Fwp%2Fv2%2Fmedia&parent=37808"}],"wp:term":[{"taxonomy":"category","embeddable":true,"href":"https:\/\/archive.sana.sy\/es\/index.php?rest_route=%2Fwp%2Fv2%2Fcategories&post=37808"},{"taxonomy":"post_tag","embeddable":true,"href":"https:\/\/archive.sana.sy\/es\/index.php?rest_route=%2Fwp%2Fv2%2Ftags&post=37808"}],"curies":[{"name":"wp","href":"https:\/\/api.w.org\/{rel}","templated":true}]}}