{"id":37842,"date":"2016-02-03T15:00:24","date_gmt":"2016-02-03T13:00:24","guid":{"rendered":"http:\/\/www.sana.sy\/es\/?p=37842"},"modified":"2016-02-03T18:08:03","modified_gmt":"2016-02-03T16:08:03","slug":"ejercito-libanes-elimina-a-un-cabecilla-del-ei-y-arresta-a-27-terroristas-en-arsal","status":"publish","type":"post","link":"https:\/\/archive.sana.sy\/es\/?p=37842","title":{"rendered":"Ej\u00e9rcito liban\u00e9s elimina a un cabecilla del EI y arresta a 27 terroristas en Arsal"},"content":{"rendered":"<p><span style=\"color: #800000\">Beirut, SANA<\/span><\/p>\n<p>El ej\u00e9rcito liban\u00e9s elimin\u00f3 a un cabecilla de la organizaci\u00f3n terrorista del Estado Isl\u00e1mico y detuvo a 27 otros terroristas.<\/p>\n<p>La Agencia Nacional de Noticias inform\u00f3 que el ej\u00e9rcito allan\u00f3 un escondite de los terroristas en la zona de Jarrod Arsal donde mat\u00f3 al cabecilla Anas Khaled Zarur y arrest\u00f3 a otros 20 terroristas que estaban dentro del escondite.<\/p>\n<p>Por otro lado, el ej\u00e9rcito liban\u00e9s detuvo a siete terroristas al irrumpir en la casa del terrorista Abdul Rahman Filaiti, en la ciudad libanesa de Arsal.<\/p>\n<p>&nbsp;<\/p>\n<p>Fady M., Lynn A.<\/p>\n","protected":false},"excerpt":{"rendered":"<p>Beirut, SANA El ej\u00e9rcito liban\u00e9s elimin\u00f3 a un cabecilla de la organizaci\u00f3n terrorista del Estado Isl\u00e1mico y detuvo a 27 otros terroristas. La Agencia Nacional de Noticias inform\u00f3 que el ej\u00e9rcito allan\u00f3 un escondite de los terroristas en la zona de Jarrod Arsal donde mat\u00f3 al cabecilla Anas Khaled Zarur y arrest\u00f3 a otros 20 &hellip;<\/p>\n","protected":false},"author":24,"featured_media":37843,"comment_status":"closed","ping_status":"closed","sticky":false,"template":"","format":"standard","meta":{"footnotes":""},"categories":[597,456,457,7541],"tags":[],"class_list":["post-37842","post","type-post","status-publish","format-standard","has-post-thumbnail","","category-cinta-de-noticias","category-arabe-internacional-politica","category-noticias-arabe-internacional-politica","category-ultimas-noticias"],"_links":{"self":[{"href":"https:\/\/archive.sana.sy\/es\/index.php?rest_route=\/wp\/v2\/posts\/37842"}],"collection":[{"href":"https:\/\/archive.sana.sy\/es\/index.php?rest_route=\/wp\/v2\/posts"}],"about":[{"href":"https:\/\/archive.sana.sy\/es\/index.php?rest_route=\/wp\/v2\/types\/post"}],"author":[{"embeddable":true,"href":"https:\/\/archive.sana.sy\/es\/index.php?rest_route=\/wp\/v2\/users\/24"}],"replies":[{"embeddable":true,"href":"https:\/\/archive.sana.sy\/es\/index.php?rest_route=%2Fwp%2Fv2%2Fcomments&post=37842"}],"version-history":[{"count":0,"href":"https:\/\/archive.sana.sy\/es\/index.php?rest_route=\/wp\/v2\/posts\/37842\/revisions"}],"wp:featuredmedia":[{"embeddable":true,"href":"https:\/\/archive.sana.sy\/es\/index.php?rest_route=\/wp\/v2\/media\/37843"}],"wp:attachment":[{"href":"https:\/\/archive.sana.sy\/es\/index.php?rest_route=%2Fwp%2Fv2%2Fmedia&parent=37842"}],"wp:term":[{"taxonomy":"category","embeddable":true,"href":"https:\/\/archive.sana.sy\/es\/index.php?rest_route=%2Fwp%2Fv2%2Fcategories&post=37842"},{"taxonomy":"post_tag","embeddable":true,"href":"https:\/\/archive.sana.sy\/es\/index.php?rest_route=%2Fwp%2Fv2%2Ftags&post=37842"}],"curies":[{"name":"wp","href":"https:\/\/api.w.org\/{rel}","templated":true}]}}