{"id":37904,"date":"2016-02-04T11:17:32","date_gmt":"2016-02-04T09:17:32","guid":{"rendered":"http:\/\/www.sana.sy\/es\/?p=37904"},"modified":"2016-02-04T11:17:32","modified_gmt":"2016-02-04T09:17:32","slug":"gatilov-es-inadmisible-la-pretension-de-la-oposicion-de-riad-de-torpedear-las-conversaciones-intersiria-en-ginebra","status":"publish","type":"post","link":"https:\/\/archive.sana.sy\/es\/?p=37904","title":{"rendered":"Gatilov: es inadmisible la pretensi\u00f3n de la oposici\u00f3n de Riad de torpedear las conversaciones intersiria en Ginebra"},"content":{"rendered":"<p style=\"text-align: justify\"><span style=\"color: #800000\"><b><span lang=\"ES\">Mosc\u00fa, SANA<\/span><\/b><\/span><\/p>\n<p style=\"text-align: justify\"><b><span lang=\"ES\">Rusia lament\u00f3 el hecho de que el enviado especial de la ONU para Siria, Staffan de Mistura se vio obligado a tomar la decisi\u00f3n de suspender las conversaciones intersirias en Ginebra debido a la postura de \u201cla oposici\u00f3n de Riad\u201d, considerando esta posici\u00f3n como una pretensi\u00f3n para obstaculizar y fracasar el di\u00e1logo sirio-sirio.<\/span><\/b><\/p>\n<p style=\"text-align: justify\"><b><span lang=\"ES\">En declaraciones a la prensa, el vicecanciller ruso, Gennady Gatiov tach\u00f3 de \u201cinadmisible\u201d el intento de la oposici\u00f3n de Riad de torpedear el curso de las conversaciones de Ginebra so pretexto de la continuaci\u00f3n de las operaciones militares rusas en Siria.<\/span><\/b><\/p>\n<p style=\"text-align: justify\"><b><span lang=\"ES\">\u201cSe trata de la lucha contra el terrorismo en este pa\u00eds\u201d, dijo Gatilov, tildando tambi\u00e9n de \u201ccompletamente in\u00fatil\u201d la otra excusa de la delegaci\u00f3n opositora de Riad de no poder participar en el di\u00e1logo intersirio por la situaci\u00f3n humanitaria en Siria.<\/span><\/b><\/p>\n<p style=\"text-align: justify\"><b><span lang=\"ES\">El Vicecanciller ruso record\u00f3 que la resoluci\u00f3n No. 2254 del Consejo de Seguridad de la ONU sobre Siria no vincula la soluci\u00f3n de la cuesti\u00f3n humanitaria al arranque del proceso de negociaciones.<\/span><\/b><b><\/b><\/p>\n<p style=\"text-align: justify\"><b><span lang=\"ES\">Gatilov puso de relieve que la suspensi\u00f3n del di\u00e1logo sirio-sirio no afectar\u00e1 las operaciones antiterroristas de Rusia en Siria.<\/span><\/b><b><span lang=\"ES\">\u00a0<\/span><\/b><\/p>\n<p style=\"text-align: justify\"><b><span lang=\"ES\">El alto funcionario ruso aludi\u00f3 a la importancia de la reuni\u00f3n del Grupo Internacional de Apoyo a Siria que se celebrar\u00e1 el 11 del mes en curso en M\u00fanich en respaldar la continuaci\u00f3n de las conversaciones intersirias.<\/span><\/b><\/p>\n<p style=\"text-align: justify\"><b><span lang=\"ES\">Por otra parte, Gatilov manifest\u00f3 el deseo de \u00a0Mosc\u00fa \u00a0de implicar a los kurdos sirios en las conversaciones de Ginebra, agregando que la oposici\u00f3n interior siria que lleg\u00f3 a Ginebra tiene derecho a participar en dichas conversaciones.<\/span><\/b><\/p>\n<p style=\"text-align: justify\"><b><span lang=\"ES\">Asimismo inform\u00f3 que Mosc\u00fa y Washington no han hablado hasta el momento actual sobre la realizaci\u00f3n de m\u00e1s contactos bilaterales para abordar la suspensi\u00f3n del di\u00e1logo intersirio en Ginebra.<\/span><\/b><\/p>\n<p style=\"text-align: justify\"><span style=\"color: #0000ff\">Lynn A., Hala B.<\/span><\/p>\n","protected":false},"excerpt":{"rendered":"<p>Mosc\u00fa, SANA Rusia lament\u00f3 el hecho de que el enviado especial de la ONU para Siria, Staffan de Mistura se vio obligado a tomar la decisi\u00f3n de suspender las conversaciones intersirias en Ginebra debido a la postura de \u201cla oposici\u00f3n de Riad\u201d, considerando esta posici\u00f3n como una pretensi\u00f3n para obstaculizar y fracasar el di\u00e1logo sirio-sirio. &hellip;<\/p>\n","protected":false},"author":1,"featured_media":37905,"comment_status":"closed","ping_status":"closed","sticky":false,"template":"","format":"standard","meta":{"footnotes":""},"categories":[597,456,457,576,7541],"tags":[7949],"class_list":["post-37904","post","type-post","status-publish","format-standard","has-post-thumbnail","","category-cinta-de-noticias","category-arabe-internacional-politica","category-noticias-arabe-internacional-politica","category-noticias-politicas","category-ultimas-noticias","tag-gatilov-es-inadmisible-la-pretension-de-la-oposicion-de-riad-de-torpedear-las-conversaciones-intersiria-en-ginebra"],"_links":{"self":[{"href":"https:\/\/archive.sana.sy\/es\/index.php?rest_route=\/wp\/v2\/posts\/37904"}],"collection":[{"href":"https:\/\/archive.sana.sy\/es\/index.php?rest_route=\/wp\/v2\/posts"}],"about":[{"href":"https:\/\/archive.sana.sy\/es\/index.php?rest_route=\/wp\/v2\/types\/post"}],"author":[{"embeddable":true,"href":"https:\/\/archive.sana.sy\/es\/index.php?rest_route=\/wp\/v2\/users\/1"}],"replies":[{"embeddable":true,"href":"https:\/\/archive.sana.sy\/es\/index.php?rest_route=%2Fwp%2Fv2%2Fcomments&post=37904"}],"version-history":[{"count":0,"href":"https:\/\/archive.sana.sy\/es\/index.php?rest_route=\/wp\/v2\/posts\/37904\/revisions"}],"wp:featuredmedia":[{"embeddable":true,"href":"https:\/\/archive.sana.sy\/es\/index.php?rest_route=\/wp\/v2\/media\/37905"}],"wp:attachment":[{"href":"https:\/\/archive.sana.sy\/es\/index.php?rest_route=%2Fwp%2Fv2%2Fmedia&parent=37904"}],"wp:term":[{"taxonomy":"category","embeddable":true,"href":"https:\/\/archive.sana.sy\/es\/index.php?rest_route=%2Fwp%2Fv2%2Fcategories&post=37904"},{"taxonomy":"post_tag","embeddable":true,"href":"https:\/\/archive.sana.sy\/es\/index.php?rest_route=%2Fwp%2Fv2%2Ftags&post=37904"}],"curies":[{"name":"wp","href":"https:\/\/api.w.org\/{rel}","templated":true}]}}