{"id":37908,"date":"2016-02-04T15:08:20","date_gmt":"2016-02-04T13:08:20","guid":{"rendered":"http:\/\/www.sana.sy\/es\/?p=37908"},"modified":"2016-02-04T17:36:15","modified_gmt":"2016-02-04T15:36:15","slug":"cancilleria-las-declaraciones-de-los-dos-ministros-de-exteriores-de-francia-y-de-ee-uu-sobre-las-victorias-del-ejercito-sirio-en-alepo-son-una-senal-de-sus-relaciones-con-el-terrorismo","status":"publish","type":"post","link":"https:\/\/archive.sana.sy\/es\/?p=37908","title":{"rendered":"Canciller\u00eda: las declaraciones de los ministros de Exteriores de Francia y de EE.UU sobre las victorias del ej\u00e9rcito sirio en Alepo son una se\u00f1al de sus relaciones con el terrorismo"},"content":{"rendered":"<p style=\"text-align: justify\"><span style=\"color: #800000\"><strong>Damasco, SANA<\/strong><\/span><\/p>\n<p style=\"text-align: justify\"><strong>Siria afirm\u00f3 que el pueblo y el ej\u00e9rcito sirio contin\u00faan logrando victorias para limpiar el territorio sirio del terrorismo takfirista.<\/strong><\/p>\n<p style=\"text-align: justify\"><strong>Una fuente del Ministerio de Exteriores y de los Expatriados dijo en una declaraci\u00f3n que \u00a8El Ejercito \u00c1rabe Sirio y sus aliados y las unidades populares lograron una nueva victoria en la lucha contra el terrorismo y en romper el cerco impuesto \u00a0por los terroristas del Frente Nusra y Ahrar al-Sham y el resto de grupos terroristas en los dos ciudades de Nubbol y al Zahraa que dur\u00f3 tres a\u00f1os y medio\u00a8.<\/strong><\/p>\n<p style=\"text-align: justify\"><strong>La canciller\u00eda expres\u00f3 su sorpresa \u00a0ante las declaraciones de los dos ministros de Exteriores de Francia y Los Estados Unidos que muestran incredulidad ante las victorias de los soldados sirios en el campo de Alepo; a saber que ambos pa\u00edses alegan falsamente preocuparse por el pueblo sirio. <\/strong><\/p>\n<p style=\"text-align: justify\"><strong>La canciller\u00eda siria agreg\u00f3 en su mensaje que dichas declaraciones indican la fuerte relaci\u00f3n entre los terroristas y los estados que conspiran contra Siria.<\/strong><\/p>\n<p style=\"text-align: justify\"><span style=\"color: #0000ff\">Hala B., Riad Sh.<\/span><\/p>\n","protected":false},"excerpt":{"rendered":"<p>Damasco, SANA Siria afirm\u00f3 que el pueblo y el ej\u00e9rcito sirio contin\u00faan logrando victorias para limpiar el territorio sirio del terrorismo takfirista. Una fuente del Ministerio de Exteriores y de los Expatriados dijo en una declaraci\u00f3n que \u00a8El Ejercito \u00c1rabe Sirio y sus aliados y las unidades populares lograron una nueva victoria en la lucha &hellip;<\/p>\n","protected":false},"author":1,"featured_media":35771,"comment_status":"closed","ping_status":"closed","sticky":false,"template":"","format":"standard","meta":{"footnotes":""},"categories":[477,476,583,7541],"tags":[7950],"class_list":["post-37908","post","type-post","status-publish","format-standard","has-post-thumbnail","","category-noticias-edulcorantes","category-locales","category-slide","category-ultimas-noticias","tag-cancilleria-las-declaraciones-de-los-dos-ministros-de-exteriores-de-francia-y-de-ee-uu-sobre-las-victorias-del-ejercito-sirio-en-alepo-son-una-senal-de-sus-relaciones-con-el-terrorismo"],"_links":{"self":[{"href":"https:\/\/archive.sana.sy\/es\/index.php?rest_route=\/wp\/v2\/posts\/37908"}],"collection":[{"href":"https:\/\/archive.sana.sy\/es\/index.php?rest_route=\/wp\/v2\/posts"}],"about":[{"href":"https:\/\/archive.sana.sy\/es\/index.php?rest_route=\/wp\/v2\/types\/post"}],"author":[{"embeddable":true,"href":"https:\/\/archive.sana.sy\/es\/index.php?rest_route=\/wp\/v2\/users\/1"}],"replies":[{"embeddable":true,"href":"https:\/\/archive.sana.sy\/es\/index.php?rest_route=%2Fwp%2Fv2%2Fcomments&post=37908"}],"version-history":[{"count":0,"href":"https:\/\/archive.sana.sy\/es\/index.php?rest_route=\/wp\/v2\/posts\/37908\/revisions"}],"wp:featuredmedia":[{"embeddable":true,"href":"https:\/\/archive.sana.sy\/es\/index.php?rest_route=\/wp\/v2\/media\/35771"}],"wp:attachment":[{"href":"https:\/\/archive.sana.sy\/es\/index.php?rest_route=%2Fwp%2Fv2%2Fmedia&parent=37908"}],"wp:term":[{"taxonomy":"category","embeddable":true,"href":"https:\/\/archive.sana.sy\/es\/index.php?rest_route=%2Fwp%2Fv2%2Fcategories&post=37908"},{"taxonomy":"post_tag","embeddable":true,"href":"https:\/\/archive.sana.sy\/es\/index.php?rest_route=%2Fwp%2Fv2%2Ftags&post=37908"}],"curies":[{"name":"wp","href":"https:\/\/api.w.org\/{rel}","templated":true}]}}