{"id":37921,"date":"2016-02-04T14:25:58","date_gmt":"2016-02-04T12:25:58","guid":{"rendered":"http:\/\/www.sana.sy\/es\/?p=37921"},"modified":"2016-02-04T17:29:59","modified_gmt":"2016-02-04T15:29:59","slug":"rusia-y-eeuu-acuerdan-esforzarse-para-reducir-el-plazo-de-suspension-de-las-conversaciones-intersirias-en-ginebra","status":"publish","type":"post","link":"https:\/\/archive.sana.sy\/es\/?p=37921","title":{"rendered":"Rusia y EEUU acuerdan esforzarse para reducir el plazo de suspensi\u00f3n de las conversaciones intersirias en Ginebra"},"content":{"rendered":"<p><span style=\"color: #800000\">Mosc\u00fa, SANA<\/span><\/p>\n<p>El canciller ruso, Serguei Lavrov acord\u00f3 por tel\u00e9fono con su hom\u00f3logo estadounidense, John Kerry desempe\u00f1ar esfuerzos necesarios para reducir el plazo de suspensi\u00f3n del di\u00e1logo sirio-sirio en Ginebra.<\/p>\n<p>En un comunicado emitido este jueves por la Canciller\u00eda rusa dijo que el jefe de la diplomacia rusa expres\u00f3 su preocupaci\u00f3n por el planteamiento de precondiciones inadmisibles por parte de algunos representantes de la oposici\u00f3n siria para el lanzamiento de un di\u00e1logo constante con el gobierno sirio, llamando a EEUU y sus aliados a adherirse a la resoluci\u00f3n No.2254 del Consejo de Seguridad de la ONU.<\/p>\n<p>Ambas partes se pusieron de acuerdo sobre la necesidad de que el gobierno sirio y la oposici\u00f3n aseguran la llegada de las ayudas humanitarias a las zonas asediadas bajo la supervisi\u00f3n de la ONU, as\u00ed como acordaron coordinar los posibles pasos para entregar la asistencia humanitaria por aviones de combate\u00a0a las \u00e1reas mencionadas.<\/p>\n<p>Lavrov y Kerry confirmaron la fecha de la reuni\u00f3n del Grupo Internacional de Apoyo a Siria sigue en el 11 del mes en curso en la ciudad de M\u00fanich.<\/p>\n<p>Por otro lado, el Canciller ruso expres\u00f3 a una revista italiana que la derrota definitiva de la organizaci\u00f3n terrorista del Estado Isl\u00e1mico ya est\u00e1 cerca, llamando a que los pr\u00f3ximos esfuerzos antiterroristas sean integrales.<\/p>\n<p>&nbsp;<br \/>\nLynn A.<\/p>\n","protected":false},"excerpt":{"rendered":"<p>Mosc\u00fa, SANA El canciller ruso, Serguei Lavrov acord\u00f3 por tel\u00e9fono con su hom\u00f3logo estadounidense, John Kerry desempe\u00f1ar esfuerzos necesarios para reducir el plazo de suspensi\u00f3n del di\u00e1logo sirio-sirio en Ginebra. En un comunicado emitido este jueves por la Canciller\u00eda rusa dijo que el jefe de la diplomacia rusa expres\u00f3 su preocupaci\u00f3n por el planteamiento de &hellip;<\/p>\n","protected":false},"author":24,"featured_media":16461,"comment_status":"closed","ping_status":"closed","sticky":false,"template":"","format":"standard","meta":{"footnotes":""},"categories":[467,7541],"tags":[],"class_list":["post-37921","post","type-post","status-publish","format-standard","has-post-thumbnail","","category-siria-y-el-mundo","category-ultimas-noticias"],"_links":{"self":[{"href":"https:\/\/archive.sana.sy\/es\/index.php?rest_route=\/wp\/v2\/posts\/37921"}],"collection":[{"href":"https:\/\/archive.sana.sy\/es\/index.php?rest_route=\/wp\/v2\/posts"}],"about":[{"href":"https:\/\/archive.sana.sy\/es\/index.php?rest_route=\/wp\/v2\/types\/post"}],"author":[{"embeddable":true,"href":"https:\/\/archive.sana.sy\/es\/index.php?rest_route=\/wp\/v2\/users\/24"}],"replies":[{"embeddable":true,"href":"https:\/\/archive.sana.sy\/es\/index.php?rest_route=%2Fwp%2Fv2%2Fcomments&post=37921"}],"version-history":[{"count":0,"href":"https:\/\/archive.sana.sy\/es\/index.php?rest_route=\/wp\/v2\/posts\/37921\/revisions"}],"wp:featuredmedia":[{"embeddable":true,"href":"https:\/\/archive.sana.sy\/es\/index.php?rest_route=\/wp\/v2\/media\/16461"}],"wp:attachment":[{"href":"https:\/\/archive.sana.sy\/es\/index.php?rest_route=%2Fwp%2Fv2%2Fmedia&parent=37921"}],"wp:term":[{"taxonomy":"category","embeddable":true,"href":"https:\/\/archive.sana.sy\/es\/index.php?rest_route=%2Fwp%2Fv2%2Fcategories&post=37921"},{"taxonomy":"post_tag","embeddable":true,"href":"https:\/\/archive.sana.sy\/es\/index.php?rest_route=%2Fwp%2Fv2%2Ftags&post=37921"}],"curies":[{"name":"wp","href":"https:\/\/api.w.org\/{rel}","templated":true}]}}