{"id":37930,"date":"2016-02-04T18:35:24","date_gmt":"2016-02-04T16:35:24","guid":{"rendered":"http:\/\/www.sana.sy\/es\/?p=37930"},"modified":"2016-02-04T20:04:35","modified_gmt":"2016-02-04T18:04:35","slug":"corresponsal-de-sana-resulta-herido-junto-con-otros-periodistas-tras-ataque-terrorista-en-el-campo-norte-de-alepo","status":"publish","type":"post","link":"https:\/\/archive.sana.sy\/es\/?p=37930","title":{"rendered":"Corresponsal de SANA resulta herido junto con otros periodistas en ataque terrorista en el campo norte de Alepo"},"content":{"rendered":"<p><span style=\"color: #800000\">Alepo, SANA<\/span><\/p>\n<p>El corresponsal de SANA en Alepo, Qusay Razuk result\u00f3 herido junto con otros periodistas en un ataque terrorista con mortero contra un autob\u00fas que les transportaba cerca del pueblo de Marsat al-Khan en el campo norte\u00f1o de Alepo.<\/p>\n<p>Los periodistas volv\u00edan de una misi\u00f3n en la que cubr\u00edan las celebraciones por el roto del asedio impuesto a las localidades de Nubbol y al-Zahraa por los terroristas, seg\u00fan inform\u00f3 una fuente en la gobernaci\u00f3n de Alepo.<\/p>\n<p>Entre los heridos figura tambi\u00e9n el corresponsal del canal de al-Ikhbariya, Walid Hnayeh, agreg\u00f3 la fuente.<\/p>\n<p>Una fuente m\u00e9dico asegur\u00f3 que las lesiones de la mayor\u00eda de los periodistas son de car\u00e1cter leve o mediano.<br \/>\nLynn A.<\/p>\n","protected":false},"excerpt":{"rendered":"<p>Alepo, SANA El corresponsal de SANA en Alepo, Qusay Razuk result\u00f3 herido junto con otros periodistas en un ataque terrorista con mortero contra un autob\u00fas que les transportaba cerca del pueblo de Marsat al-Khan en el campo norte\u00f1o de Alepo. Los periodistas volv\u00edan de una misi\u00f3n en la que cubr\u00edan las celebraciones por el roto &hellip;<\/p>\n","protected":false},"author":24,"featured_media":37942,"comment_status":"closed","ping_status":"closed","sticky":false,"template":"","format":"standard","meta":{"footnotes":""},"categories":[477,597,573,476,7541],"tags":[],"class_list":["post-37930","post","type-post","status-publish","format-standard","has-post-thumbnail","","category-noticias-edulcorantes","category-cinta-de-noticias","category-la-realidad-de-los-acontecimientos-en-siria","category-locales","category-ultimas-noticias"],"_links":{"self":[{"href":"https:\/\/archive.sana.sy\/es\/index.php?rest_route=\/wp\/v2\/posts\/37930"}],"collection":[{"href":"https:\/\/archive.sana.sy\/es\/index.php?rest_route=\/wp\/v2\/posts"}],"about":[{"href":"https:\/\/archive.sana.sy\/es\/index.php?rest_route=\/wp\/v2\/types\/post"}],"author":[{"embeddable":true,"href":"https:\/\/archive.sana.sy\/es\/index.php?rest_route=\/wp\/v2\/users\/24"}],"replies":[{"embeddable":true,"href":"https:\/\/archive.sana.sy\/es\/index.php?rest_route=%2Fwp%2Fv2%2Fcomments&post=37930"}],"version-history":[{"count":0,"href":"https:\/\/archive.sana.sy\/es\/index.php?rest_route=\/wp\/v2\/posts\/37930\/revisions"}],"wp:featuredmedia":[{"embeddable":true,"href":"https:\/\/archive.sana.sy\/es\/index.php?rest_route=\/wp\/v2\/media\/37942"}],"wp:attachment":[{"href":"https:\/\/archive.sana.sy\/es\/index.php?rest_route=%2Fwp%2Fv2%2Fmedia&parent=37930"}],"wp:term":[{"taxonomy":"category","embeddable":true,"href":"https:\/\/archive.sana.sy\/es\/index.php?rest_route=%2Fwp%2Fv2%2Fcategories&post=37930"},{"taxonomy":"post_tag","embeddable":true,"href":"https:\/\/archive.sana.sy\/es\/index.php?rest_route=%2Fwp%2Fv2%2Ftags&post=37930"}],"curies":[{"name":"wp","href":"https:\/\/api.w.org\/{rel}","templated":true}]}}