{"id":37936,"date":"2016-02-04T19:34:00","date_gmt":"2016-02-04T17:34:00","guid":{"rendered":"http:\/\/www.sana.sy\/es\/?p=37936"},"modified":"2016-02-04T19:34:00","modified_gmt":"2016-02-04T17:34:00","slug":"dos-ninos-pierden-la-vida-en-atentado-terrorista-contra-ashrafiyat-sahnaya","status":"publish","type":"post","link":"https:\/\/archive.sana.sy\/es\/?p=37936","title":{"rendered":"Dos ni\u00f1os pierden la vida en atentado terrorista contra Ashrafiyat Sahnaya"},"content":{"rendered":"<p><span style=\"color: #800000\">Damasco, SANA<\/span><\/p>\n<p>Dos ni\u00f1os perdieron la vida y otros cinco resultaron heridos este jueves en ataques terroristas con mortero contra el \u00e1rea residencial de Ashrafiyat Sahnaya en el suburbio de Damasco.<\/p>\n<p>Seg\u00fan una fuente policial, terroristas del llamado \u201cAynad al-Shaam\u201d que se despliegan en Dareyya, dispararon dos obuses de mortero contra Ashrafiyat Sahnaya ; el primero impact\u00f3 en el barrio de al-Yamiyat causando heridas a una ni\u00f1a de cuatro a\u00f1os de edad, adem\u00e1s de da\u00f1os materiales.<\/p>\n<p>El segundo ob\u00fas impact\u00f3 en una escuela secundaria situada en el mismo barrio, dejando muertos a dos ni\u00f1os de 11 y 12 a\u00f1os, as\u00ed como ocasion\u00f3 heridas de car\u00e1cter grave a otros cuatro.<\/p>\n<p>&nbsp;<br \/>\nLynn A.<\/p>\n","protected":false},"excerpt":{"rendered":"<p>Damasco, SANA Dos ni\u00f1os perdieron la vida y otros cinco resultaron heridos este jueves en ataques terroristas con mortero contra el \u00e1rea residencial de Ashrafiyat Sahnaya en el suburbio de Damasco. Seg\u00fan una fuente policial, terroristas del llamado \u201cAynad al-Shaam\u201d que se despliegan en Dareyya, dispararon dos obuses de mortero contra Ashrafiyat Sahnaya ; el &hellip;<\/p>\n","protected":false},"author":24,"featured_media":28481,"comment_status":"closed","ping_status":"closed","sticky":false,"template":"","format":"standard","meta":{"footnotes":""},"categories":[477,597,573,476,7541],"tags":[],"class_list":["post-37936","post","type-post","status-publish","format-standard","has-post-thumbnail","","category-noticias-edulcorantes","category-cinta-de-noticias","category-la-realidad-de-los-acontecimientos-en-siria","category-locales","category-ultimas-noticias"],"_links":{"self":[{"href":"https:\/\/archive.sana.sy\/es\/index.php?rest_route=\/wp\/v2\/posts\/37936"}],"collection":[{"href":"https:\/\/archive.sana.sy\/es\/index.php?rest_route=\/wp\/v2\/posts"}],"about":[{"href":"https:\/\/archive.sana.sy\/es\/index.php?rest_route=\/wp\/v2\/types\/post"}],"author":[{"embeddable":true,"href":"https:\/\/archive.sana.sy\/es\/index.php?rest_route=\/wp\/v2\/users\/24"}],"replies":[{"embeddable":true,"href":"https:\/\/archive.sana.sy\/es\/index.php?rest_route=%2Fwp%2Fv2%2Fcomments&post=37936"}],"version-history":[{"count":0,"href":"https:\/\/archive.sana.sy\/es\/index.php?rest_route=\/wp\/v2\/posts\/37936\/revisions"}],"wp:featuredmedia":[{"embeddable":true,"href":"https:\/\/archive.sana.sy\/es\/index.php?rest_route=\/wp\/v2\/media\/28481"}],"wp:attachment":[{"href":"https:\/\/archive.sana.sy\/es\/index.php?rest_route=%2Fwp%2Fv2%2Fmedia&parent=37936"}],"wp:term":[{"taxonomy":"category","embeddable":true,"href":"https:\/\/archive.sana.sy\/es\/index.php?rest_route=%2Fwp%2Fv2%2Fcategories&post=37936"},{"taxonomy":"post_tag","embeddable":true,"href":"https:\/\/archive.sana.sy\/es\/index.php?rest_route=%2Fwp%2Fv2%2Ftags&post=37936"}],"curies":[{"name":"wp","href":"https:\/\/api.w.org\/{rel}","templated":true}]}}