{"id":37938,"date":"2016-02-04T20:02:11","date_gmt":"2016-02-04T18:02:11","guid":{"rendered":"http:\/\/www.sana.sy\/es\/?p=37938"},"modified":"2016-02-04T22:33:46","modified_gmt":"2016-02-04T20:33:46","slug":"oposicion-nacional-siria-no-permitiremos-a-nadie-que-nos-excluye","status":"publish","type":"post","link":"https:\/\/archive.sana.sy\/es\/?p=37938","title":{"rendered":"Oposici\u00f3n nacional siria: no permitiremos a nadie que nos excluya"},"content":{"rendered":"<p><span style=\"color: #800000\">Ginebra, SANA<\/span><\/p>\n<p>La delegaci\u00f3n de la oposici\u00f3n nacional siria sostuvo este jueves una rueda de prensa en Ginebra en la cual responsabiliz\u00f3 a la oposici\u00f3n de Riad, que vino con agendas saud\u00edes, turcas, y qatar\u00edes, con el fracaso del di\u00e1logo intersirio.<\/p>\n<p>Los miembros de la delegaci\u00f3n manifestaron su voluntad en coordinar con las partes que tienen inter\u00e9s en restablecer la seguridad en Siria, preservar sus instituciones, y reconocer al ej\u00e9rcito sirio como el protector real del Estado sirio y el garante de la integridad territorial del pa\u00eds.<\/p>\n<p>Asimismo enfatizaron que no permitir\u00e1n a nadie que los excluye del di\u00e1logo intersirio, llamando a una verdadera representaci\u00f3n del pueblo sirio en el mismo.<\/p>\n<p>La insistencia en invitar a un solo bando opositor- en referencia a la oposici\u00f3n de Riad- para participar en las conversaciones, ocasionar\u00e1 el fracaso del di\u00e1logo intersirio, aseveraron.<\/p>\n<p>Tildaron de vergonzoso el hecho de excluir a cualquier componente del pueblo sirio de las conversaciones intersirias, especialmente los kurdos\u201d.<br \/>\nExpresaron su apoyo a las operaciones antiterroristas y el curso pol\u00edtico de la soluci\u00f3n, rechazando la explotaci\u00f3n del asunto humanitario en Siria para lograr metas pol\u00edticas sucias.<\/p>\n<p>A t\u00e9rmino de la rueda de prensa, denunciaron las explosiones terroristas que sacudieron la localidad de Assaida Zainab, y los atentados que se produjeron hoy el jueves contra los periodistas sirios en el campo norte\u00f1o de Alepo.<\/p>\n<p>&nbsp;<\/p>\n<p>&nbsp;<\/p>\n<p>Lynn A.<\/p>\n","protected":false},"excerpt":{"rendered":"<p>Ginebra, SANA La delegaci\u00f3n de la oposici\u00f3n nacional siria sostuvo este jueves una rueda de prensa en Ginebra en la cual responsabiliz\u00f3 a la oposici\u00f3n de Riad, que vino con agendas saud\u00edes, turcas, y qatar\u00edes, con el fracaso del di\u00e1logo intersirio. Los miembros de la delegaci\u00f3n manifestaron su voluntad en coordinar con las partes que &hellip;<\/p>\n","protected":false},"author":24,"featured_media":37939,"comment_status":"closed","ping_status":"closed","sticky":false,"template":"","format":"standard","meta":{"footnotes":""},"categories":[597,467,7541],"tags":[],"class_list":["post-37938","post","type-post","status-publish","format-standard","has-post-thumbnail","","category-cinta-de-noticias","category-siria-y-el-mundo","category-ultimas-noticias"],"_links":{"self":[{"href":"https:\/\/archive.sana.sy\/es\/index.php?rest_route=\/wp\/v2\/posts\/37938"}],"collection":[{"href":"https:\/\/archive.sana.sy\/es\/index.php?rest_route=\/wp\/v2\/posts"}],"about":[{"href":"https:\/\/archive.sana.sy\/es\/index.php?rest_route=\/wp\/v2\/types\/post"}],"author":[{"embeddable":true,"href":"https:\/\/archive.sana.sy\/es\/index.php?rest_route=\/wp\/v2\/users\/24"}],"replies":[{"embeddable":true,"href":"https:\/\/archive.sana.sy\/es\/index.php?rest_route=%2Fwp%2Fv2%2Fcomments&post=37938"}],"version-history":[{"count":0,"href":"https:\/\/archive.sana.sy\/es\/index.php?rest_route=\/wp\/v2\/posts\/37938\/revisions"}],"wp:featuredmedia":[{"embeddable":true,"href":"https:\/\/archive.sana.sy\/es\/index.php?rest_route=\/wp\/v2\/media\/37939"}],"wp:attachment":[{"href":"https:\/\/archive.sana.sy\/es\/index.php?rest_route=%2Fwp%2Fv2%2Fmedia&parent=37938"}],"wp:term":[{"taxonomy":"category","embeddable":true,"href":"https:\/\/archive.sana.sy\/es\/index.php?rest_route=%2Fwp%2Fv2%2Fcategories&post=37938"},{"taxonomy":"post_tag","embeddable":true,"href":"https:\/\/archive.sana.sy\/es\/index.php?rest_route=%2Fwp%2Fv2%2Ftags&post=37938"}],"curies":[{"name":"wp","href":"https:\/\/api.w.org\/{rel}","templated":true}]}}