{"id":37956,"date":"2016-02-04T22:57:14","date_gmt":"2016-02-04T20:57:14","guid":{"rendered":"http:\/\/sana.sy\/es\/?p=37956"},"modified":"2016-02-04T22:58:58","modified_gmt":"2016-02-04T20:58:58","slug":"yaafari-el-ejercito-sirio-continuara-luchando-contra-el-terrorismo-independientemente-de-lo-que-ocurra-en-ginebra","status":"publish","type":"post","link":"https:\/\/archive.sana.sy\/es\/?p=37956","title":{"rendered":"Yaafari: El ej\u00e9rcito sirio continuar\u00e1 luchando contra el terrorismo independientemente de lo que ocurra en Ginebra"},"content":{"rendered":"<p>Ginebra-SANA<\/p>\n<p>El jefe de la delegaci\u00f3n de Siria a las conversaciones de Ginebra Bashar Yaafari dijo que el proceso pol\u00edtico para solventar la crisis siria es una cosa y la lucha contra el terrorismo es otra.<\/p>\n<p>En una entrevista a la cadena brit\u00e1nica BBC difundidaYaafarie el Ej\u00e9rcito sirio en colaboraci\u00f3n con los amigos y aliados, continuar\u00e1 combatiendo el terrorismo.<\/p>\n<p>\u201cEs nuestro derecho seg\u00fan las resoluciones de las Naciones Unidas y la ley internacional\u201d, ha resaltado.<\/p>\n<p>El Ej\u00e9rcito ha luchado contra el terrorismo durante cinco a\u00f1os y lo har\u00e1 en el futuro sin tener en cuenta lo que pasare en Ginebra\u201d, enfatiz\u00f3 el diplom\u00e1tico sirio.<\/p>\n<p>Agrega que Damasco no pretende utilizar Ginebra como una plataforma para \u201ccubrir\u201d los avances del Ej\u00e9rcito ante los terroristas. \u201cEse avance no espera las conversaciones de Ginebra\u201d, comenta Yaafari.<\/p>\n<p>De igual manera, Yaafari ha culpado la oposici\u00f3n, apoyado por Riad, y al enviado especial de la ONU por la postergaci\u00f3n de los di\u00e1logos hasta finales de este mes de febrero y ha indicado que \u201cnosotros decidiremos si volver o no a Ginebra\u201d para participar nuevamente en los di\u00e1logos de paz.<\/p>\n<p>En el mismo contexto, ha acotado que De Mistura, con una \u201cdiplomacia inapropiada\u201d ha dejado que la delegaci\u00f3n de Riad \u201cmanipule\u201d sus buenas intenciones.<\/p>\n<p>Yamil K.<\/p>\n","protected":false},"excerpt":{"rendered":"<p>Ginebra-SANA El jefe de la delegaci\u00f3n de Siria a las conversaciones de Ginebra Bashar Yaafari dijo que el proceso pol\u00edtico para solventar la crisis siria es una cosa y la lucha contra el terrorismo es otra. En una entrevista a la cadena brit\u00e1nica BBC difundidaYaafarie el Ej\u00e9rcito sirio en colaboraci\u00f3n con los amigos y aliados, &hellip;<\/p>\n","protected":false},"author":1,"featured_media":37957,"comment_status":"closed","ping_status":"closed","sticky":false,"template":"","format":"standard","meta":{"footnotes":""},"categories":[467],"tags":[],"class_list":["post-37956","post","type-post","status-publish","format-standard","has-post-thumbnail","","category-siria-y-el-mundo"],"_links":{"self":[{"href":"https:\/\/archive.sana.sy\/es\/index.php?rest_route=\/wp\/v2\/posts\/37956"}],"collection":[{"href":"https:\/\/archive.sana.sy\/es\/index.php?rest_route=\/wp\/v2\/posts"}],"about":[{"href":"https:\/\/archive.sana.sy\/es\/index.php?rest_route=\/wp\/v2\/types\/post"}],"author":[{"embeddable":true,"href":"https:\/\/archive.sana.sy\/es\/index.php?rest_route=\/wp\/v2\/users\/1"}],"replies":[{"embeddable":true,"href":"https:\/\/archive.sana.sy\/es\/index.php?rest_route=%2Fwp%2Fv2%2Fcomments&post=37956"}],"version-history":[{"count":0,"href":"https:\/\/archive.sana.sy\/es\/index.php?rest_route=\/wp\/v2\/posts\/37956\/revisions"}],"wp:featuredmedia":[{"embeddable":true,"href":"https:\/\/archive.sana.sy\/es\/index.php?rest_route=\/wp\/v2\/media\/37957"}],"wp:attachment":[{"href":"https:\/\/archive.sana.sy\/es\/index.php?rest_route=%2Fwp%2Fv2%2Fmedia&parent=37956"}],"wp:term":[{"taxonomy":"category","embeddable":true,"href":"https:\/\/archive.sana.sy\/es\/index.php?rest_route=%2Fwp%2Fv2%2Fcategories&post=37956"},{"taxonomy":"post_tag","embeddable":true,"href":"https:\/\/archive.sana.sy\/es\/index.php?rest_route=%2Fwp%2Fv2%2Ftags&post=37956"}],"curies":[{"name":"wp","href":"https:\/\/api.w.org\/{rel}","templated":true}]}}