{"id":37968,"date":"2016-02-05T15:30:57","date_gmt":"2016-02-05T13:30:57","guid":{"rendered":"http:\/\/www.sana.sy\/es\/?p=37968"},"modified":"2016-02-05T15:30:57","modified_gmt":"2016-02-05T13:30:57","slug":"bogdanov-representantes-del-gobierno-sirio-y-de-la-oposicion-visitarian-moscu-pronto","status":"publish","type":"post","link":"https:\/\/archive.sana.sy\/es\/?p=37968","title":{"rendered":"Bogdanov: representantes del gobierno sirio y de la oposici\u00f3n visitar\u00edan Mosc\u00fa pronto"},"content":{"rendered":"<p style=\"text-align: justify\"><span style=\"color: #800000\">Mosc\u00fa, SANA<\/span>&#8211; El Vicecanciller ruso, Mijael Bogdanov, anunci\u00f3 que representantes del gobierno sirio y de la &#8220;oposici\u00f3n&#8221; visitar\u00edan Mosc\u00fa pronto para discutir formas de reanudar el di\u00e1logo inter-sirio en Ginebra.<\/p>\n<p style=\"text-align: justify\">Bogdanov en una declaraci\u00f3n de prensa dijo que Rusia no descarta la posibilidad de que representantes del gobierno sirio y delegaciones la oposici\u00f3n realizar\u00edan visitas a Mosc\u00fa en el futuro pr\u00f3ximo para discutir la cuesti\u00f3n de reanudar el di\u00e1logo inter-sirio en Ginebra tan pronto como sea posible.<\/p>\n<p style=\"text-align: justify\">A su juicio, dijo Bogdanov que la pr\u00f3xima reuni\u00f3n ministerial esperada del el Grupo Internacional de Apoyo a Siria (GIAS), en la ciudad alemana de M\u00fanich programad el 11 de febrero estar\u00e1 bajo la presidencia de Rusia y los Estados Unidos, las Naciones Unidas y con la participaci\u00f3n de actores internacionales influyentes.<\/p>\n<p style=\"text-align: justify\">EL Vicecanciller ruso revel\u00f3 que no hay posibilidad de un alto el fuego y la lucha contra el terrorismo en Siria sin la participaci\u00f3n de los kurdos en el di\u00e1logo&#8221;, se\u00f1alando que este tema ser\u00e1 analizado en la conferencia de M\u00fanich.<\/p>\n<p>M.Miri<\/p>\n","protected":false},"excerpt":{"rendered":"<p>Mosc\u00fa, SANA&#8211; El Vicecanciller ruso, Mijael Bogdanov, anunci\u00f3 que representantes del gobierno sirio y de la &#8220;oposici\u00f3n&#8221; visitar\u00edan Mosc\u00fa pronto para discutir formas de reanudar el di\u00e1logo inter-sirio en Ginebra. Bogdanov en una declaraci\u00f3n de prensa dijo que Rusia no descarta la posibilidad de que representantes del gobierno sirio y delegaciones la oposici\u00f3n realizar\u00edan visitas &hellip;<\/p>\n","protected":false},"author":1,"featured_media":37969,"comment_status":"closed","ping_status":"closed","sticky":false,"template":"","format":"standard","meta":{"footnotes":""},"categories":[467,7541],"tags":[7953],"class_list":["post-37968","post","type-post","status-publish","format-standard","has-post-thumbnail","","category-siria-y-el-mundo","category-ultimas-noticias","tag-bogdanov-representantes-del-gobierno-sirio-y-de-la-oposicion-visitarian-moscu-pronto"],"_links":{"self":[{"href":"https:\/\/archive.sana.sy\/es\/index.php?rest_route=\/wp\/v2\/posts\/37968"}],"collection":[{"href":"https:\/\/archive.sana.sy\/es\/index.php?rest_route=\/wp\/v2\/posts"}],"about":[{"href":"https:\/\/archive.sana.sy\/es\/index.php?rest_route=\/wp\/v2\/types\/post"}],"author":[{"embeddable":true,"href":"https:\/\/archive.sana.sy\/es\/index.php?rest_route=\/wp\/v2\/users\/1"}],"replies":[{"embeddable":true,"href":"https:\/\/archive.sana.sy\/es\/index.php?rest_route=%2Fwp%2Fv2%2Fcomments&post=37968"}],"version-history":[{"count":0,"href":"https:\/\/archive.sana.sy\/es\/index.php?rest_route=\/wp\/v2\/posts\/37968\/revisions"}],"wp:featuredmedia":[{"embeddable":true,"href":"https:\/\/archive.sana.sy\/es\/index.php?rest_route=\/wp\/v2\/media\/37969"}],"wp:attachment":[{"href":"https:\/\/archive.sana.sy\/es\/index.php?rest_route=%2Fwp%2Fv2%2Fmedia&parent=37968"}],"wp:term":[{"taxonomy":"category","embeddable":true,"href":"https:\/\/archive.sana.sy\/es\/index.php?rest_route=%2Fwp%2Fv2%2Fcategories&post=37968"},{"taxonomy":"post_tag","embeddable":true,"href":"https:\/\/archive.sana.sy\/es\/index.php?rest_route=%2Fwp%2Fv2%2Ftags&post=37968"}],"curies":[{"name":"wp","href":"https:\/\/api.w.org\/{rel}","templated":true}]}}