{"id":37977,"date":"2016-02-05T16:37:51","date_gmt":"2016-02-05T14:37:51","guid":{"rendered":"http:\/\/www.sana.sy\/es\/?p=37977"},"modified":"2016-02-05T16:37:51","modified_gmt":"2016-02-05T14:37:51","slug":"velayati-destaca-necesidad-de-buscar-una-solucion-politica-al-problema-sirio","status":"publish","type":"post","link":"https:\/\/archive.sana.sy\/es\/?p=37977","title":{"rendered":"Velayati: destaca necesidad de buscar una soluci\u00f3n pol\u00edtica al problema sirio"},"content":{"rendered":"<p style=\"text-align: justify\"><span style=\"color: #800000\">Mosc\u00fa, SANA<\/span>&#8211; El asesor del m\u00e1ximo l\u00edder de la Revoluci\u00f3n Isl\u00e1mica de Ir\u00e1n para Asuntos Internacionales, Ali Akbar Velayati, reiter\u00f3 la firme posici\u00f3n de su pa\u00eds sobre la necesidad de adoptar una soluci\u00f3n pol\u00edtica a la crisis en Siria.<\/p>\n<p style=\"text-align: justify\">&#8220;Ir\u00e1n ha insistido repetidamente en la necesidad de adoptar una soluci\u00f3n pol\u00edtica y en el di\u00e1logo entre el gobierno y la oposici\u00f3n nacional y sin la participaci\u00f3n de las organizaciones terroristas,&#8221; dijo Velayati en una conferencia de prensa realizada en la sede de la embajada iran\u00ed en Mosc\u00fa.<\/p>\n<p style=\"text-align: justify\">En relaci\u00f3n con al papel de Estados Unidos en la regi\u00f3n, Velayati advertido de las intenciones estadounidenses para dividir el Oriente Medio.<\/p>\n<p style=\"text-align: justify\">Sobre las relaciones Rusia-Ir\u00e1n, Velayati destac\u00f3 la necesidad de ampliar la cooperaci\u00f3n estrat\u00e9gica entre ambos pa\u00edses en todos los campos, incluyendo el campo de la defensa.<\/p>\n<p>M.Miri<\/p>\n","protected":false},"excerpt":{"rendered":"<p>Mosc\u00fa, SANA&#8211; El asesor del m\u00e1ximo l\u00edder de la Revoluci\u00f3n Isl\u00e1mica de Ir\u00e1n para Asuntos Internacionales, Ali Akbar Velayati, reiter\u00f3 la firme posici\u00f3n de su pa\u00eds sobre la necesidad de adoptar una soluci\u00f3n pol\u00edtica a la crisis en Siria. &#8220;Ir\u00e1n ha insistido repetidamente en la necesidad de adoptar una soluci\u00f3n pol\u00edtica y en el di\u00e1logo &hellip;<\/p>\n","protected":false},"author":1,"featured_media":37978,"comment_status":"closed","ping_status":"closed","sticky":false,"template":"","format":"standard","meta":{"footnotes":""},"categories":[456,457,7541],"tags":[7956],"class_list":["post-37977","post","type-post","status-publish","format-standard","has-post-thumbnail","","category-arabe-internacional-politica","category-noticias-arabe-internacional-politica","category-ultimas-noticias","tag-velayati-destaca-necesidad-de-buscar-una-solucion-politica-al-problema-sirio"],"_links":{"self":[{"href":"https:\/\/archive.sana.sy\/es\/index.php?rest_route=\/wp\/v2\/posts\/37977"}],"collection":[{"href":"https:\/\/archive.sana.sy\/es\/index.php?rest_route=\/wp\/v2\/posts"}],"about":[{"href":"https:\/\/archive.sana.sy\/es\/index.php?rest_route=\/wp\/v2\/types\/post"}],"author":[{"embeddable":true,"href":"https:\/\/archive.sana.sy\/es\/index.php?rest_route=\/wp\/v2\/users\/1"}],"replies":[{"embeddable":true,"href":"https:\/\/archive.sana.sy\/es\/index.php?rest_route=%2Fwp%2Fv2%2Fcomments&post=37977"}],"version-history":[{"count":0,"href":"https:\/\/archive.sana.sy\/es\/index.php?rest_route=\/wp\/v2\/posts\/37977\/revisions"}],"wp:featuredmedia":[{"embeddable":true,"href":"https:\/\/archive.sana.sy\/es\/index.php?rest_route=\/wp\/v2\/media\/37978"}],"wp:attachment":[{"href":"https:\/\/archive.sana.sy\/es\/index.php?rest_route=%2Fwp%2Fv2%2Fmedia&parent=37977"}],"wp:term":[{"taxonomy":"category","embeddable":true,"href":"https:\/\/archive.sana.sy\/es\/index.php?rest_route=%2Fwp%2Fv2%2Fcategories&post=37977"},{"taxonomy":"post_tag","embeddable":true,"href":"https:\/\/archive.sana.sy\/es\/index.php?rest_route=%2Fwp%2Fv2%2Ftags&post=37977"}],"curies":[{"name":"wp","href":"https:\/\/api.w.org\/{rel}","templated":true}]}}