{"id":37980,"date":"2016-02-05T17:12:40","date_gmt":"2016-02-05T15:12:40","guid":{"rendered":"http:\/\/www.sana.sy\/es\/?p=37980"},"modified":"2016-02-06T18:54:40","modified_gmt":"2016-02-06T16:54:40","slug":"la-onu-no-enviara-nuevas-invitaciones-para-la-proxima-ronda-del-dialogo-inter-sirio","status":"publish","type":"post","link":"https:\/\/archive.sana.sy\/es\/?p=37980","title":{"rendered":"La ONU no enviar\u00e1 nuevas invitaciones para la pr\u00f3xima ronda del dialogo inter-sirio"},"content":{"rendered":"<p style=\"text-align: justify\"><span style=\"color: #800000\">Ginebra, SANA<\/span>&#8211; El Enviado Adjunto, Ramzy Ezzeldin Ramzy, anunci\u00f3 que la ONU no tiene la intenci\u00f3n de modificar las invitaciones de la pr\u00f3xima ronda de di\u00e1logo inter-sirio en Ginebra, programada para el d\u00eda 15 de este mes en curso.<\/p>\n<p style=\"text-align: justify\">Seg\u00fan Reuters, Ramzy explic\u00f3 que \u201cno habr\u00e1n otras invitaciones y no efectuar\u00e1n nuevas invitaciones.\u201d Es de se\u00f1alar que las declaraciones de Ramzy se produjeron despu\u00e9s de su reuni\u00f3n con un n\u00famero de figuras de la oposici\u00f3n siria que hab\u00edan sido invitadas a participar en el di\u00e1logo de Ginebra, \u201ccomo individuos, no como un grupo\u201d.<\/p>\n<p style=\"text-align: justify\">Cabe destacar que el Enviado Especial de Naciones Unidas (ONU) para Siria, Staffan de Mistura, anunci\u00f3 el pasado mi\u00e9rcoles la suspensi\u00f3n del dialogo inter-sirio, el cual se reanudar\u00e1 el pr\u00f3ximo 25 de febrero.<\/p>\n<p style=\"text-align: justify\">M.Miri<\/p>\n","protected":false},"excerpt":{"rendered":"<p>Ginebra, SANA&#8211; El Enviado Adjunto, Ramzy Ezzeldin Ramzy, anunci\u00f3 que la ONU no tiene la intenci\u00f3n de modificar las invitaciones de la pr\u00f3xima ronda de di\u00e1logo inter-sirio en Ginebra, programada para el d\u00eda 15 de este mes en curso. Seg\u00fan Reuters, Ramzy explic\u00f3 que \u201cno habr\u00e1n otras invitaciones y no efectuar\u00e1n nuevas invitaciones.\u201d Es de &hellip;<\/p>\n","protected":false},"author":1,"featured_media":37985,"comment_status":"closed","ping_status":"closed","sticky":false,"template":"","format":"standard","meta":{"footnotes":""},"categories":[467,7541],"tags":[7957],"class_list":["post-37980","post","type-post","status-publish","format-standard","has-post-thumbnail","","category-siria-y-el-mundo","category-ultimas-noticias","tag-la-onu-no-enviara-nuevas-invitaciones-para-la-proxima-ronda-del-dialogo-inter-sirio"],"_links":{"self":[{"href":"https:\/\/archive.sana.sy\/es\/index.php?rest_route=\/wp\/v2\/posts\/37980"}],"collection":[{"href":"https:\/\/archive.sana.sy\/es\/index.php?rest_route=\/wp\/v2\/posts"}],"about":[{"href":"https:\/\/archive.sana.sy\/es\/index.php?rest_route=\/wp\/v2\/types\/post"}],"author":[{"embeddable":true,"href":"https:\/\/archive.sana.sy\/es\/index.php?rest_route=\/wp\/v2\/users\/1"}],"replies":[{"embeddable":true,"href":"https:\/\/archive.sana.sy\/es\/index.php?rest_route=%2Fwp%2Fv2%2Fcomments&post=37980"}],"version-history":[{"count":0,"href":"https:\/\/archive.sana.sy\/es\/index.php?rest_route=\/wp\/v2\/posts\/37980\/revisions"}],"wp:featuredmedia":[{"embeddable":true,"href":"https:\/\/archive.sana.sy\/es\/index.php?rest_route=\/wp\/v2\/media\/37985"}],"wp:attachment":[{"href":"https:\/\/archive.sana.sy\/es\/index.php?rest_route=%2Fwp%2Fv2%2Fmedia&parent=37980"}],"wp:term":[{"taxonomy":"category","embeddable":true,"href":"https:\/\/archive.sana.sy\/es\/index.php?rest_route=%2Fwp%2Fv2%2Fcategories&post=37980"},{"taxonomy":"post_tag","embeddable":true,"href":"https:\/\/archive.sana.sy\/es\/index.php?rest_route=%2Fwp%2Fv2%2Ftags&post=37980"}],"curies":[{"name":"wp","href":"https:\/\/api.w.org\/{rel}","templated":true}]}}