{"id":38002,"date":"2016-02-06T14:54:28","date_gmt":"2016-02-06T12:54:28","guid":{"rendered":"http:\/\/www.sana.sy\/es\/?p=38002"},"modified":"2016-02-06T19:46:12","modified_gmt":"2016-02-06T17:46:12","slug":"corresponsal-de-guerra-de-la-resistencia-libanesa-pierde-su-vida-cubriendo-operativos-militares-en-el-norte-de-alepo","status":"publish","type":"post","link":"https:\/\/archive.sana.sy\/es\/?p=38002","title":{"rendered":"Corresponsal de guerra de la resistencia libanesa pierde su vida en el norte de Alepo"},"content":{"rendered":"<p style=\"text-align: justify\"><span style=\"color: #800000\">Alepo, SANA-\u00a0<\/span>El corresponsal de guerra de la resistencia libanesa, Ali Youssef Dasho perdi\u00f3 la vida anoche mientras cubr\u00eda los operativos antiterroristas del ej\u00e9rcito sirio en la localidad de Rityan en el campo norte\u00f1o de Alepo, informaron fuentes en el terreno.<\/p>\n<p style=\"text-align: justify\">El fallecido corresponsal naci\u00f3 en Alepo en 1996 y cubri\u00f3 varias operaciones militares del ej\u00e9rcito sirio en los campos sure\u00f1o y norte\u00f1o de Alepo.<\/p>\n<p>Lynn A.<\/p>\n","protected":false},"excerpt":{"rendered":"<p>Alepo, SANA-\u00a0El corresponsal de guerra de la resistencia libanesa, Ali Youssef Dasho perdi\u00f3 la vida anoche mientras cubr\u00eda los operativos antiterroristas del ej\u00e9rcito sirio en la localidad de Rityan en el campo norte\u00f1o de Alepo, informaron fuentes en el terreno. El fallecido corresponsal naci\u00f3 en Alepo en 1996 y cubri\u00f3 varias operaciones militares del ej\u00e9rcito &hellip;<\/p>\n","protected":false},"author":24,"featured_media":38003,"comment_status":"closed","ping_status":"closed","sticky":false,"template":"","format":"standard","meta":{"footnotes":""},"categories":[477,597,573,476,7541],"tags":[],"class_list":["post-38002","post","type-post","status-publish","format-standard","has-post-thumbnail","","category-noticias-edulcorantes","category-cinta-de-noticias","category-la-realidad-de-los-acontecimientos-en-siria","category-locales","category-ultimas-noticias"],"_links":{"self":[{"href":"https:\/\/archive.sana.sy\/es\/index.php?rest_route=\/wp\/v2\/posts\/38002"}],"collection":[{"href":"https:\/\/archive.sana.sy\/es\/index.php?rest_route=\/wp\/v2\/posts"}],"about":[{"href":"https:\/\/archive.sana.sy\/es\/index.php?rest_route=\/wp\/v2\/types\/post"}],"author":[{"embeddable":true,"href":"https:\/\/archive.sana.sy\/es\/index.php?rest_route=\/wp\/v2\/users\/24"}],"replies":[{"embeddable":true,"href":"https:\/\/archive.sana.sy\/es\/index.php?rest_route=%2Fwp%2Fv2%2Fcomments&post=38002"}],"version-history":[{"count":0,"href":"https:\/\/archive.sana.sy\/es\/index.php?rest_route=\/wp\/v2\/posts\/38002\/revisions"}],"wp:featuredmedia":[{"embeddable":true,"href":"https:\/\/archive.sana.sy\/es\/index.php?rest_route=\/wp\/v2\/media\/38003"}],"wp:attachment":[{"href":"https:\/\/archive.sana.sy\/es\/index.php?rest_route=%2Fwp%2Fv2%2Fmedia&parent=38002"}],"wp:term":[{"taxonomy":"category","embeddable":true,"href":"https:\/\/archive.sana.sy\/es\/index.php?rest_route=%2Fwp%2Fv2%2Fcategories&post=38002"},{"taxonomy":"post_tag","embeddable":true,"href":"https:\/\/archive.sana.sy\/es\/index.php?rest_route=%2Fwp%2Fv2%2Ftags&post=38002"}],"curies":[{"name":"wp","href":"https:\/\/api.w.org\/{rel}","templated":true}]}}