{"id":38030,"date":"2016-02-06T16:21:03","date_gmt":"2016-02-06T14:21:03","guid":{"rendered":"http:\/\/www.sana.sy\/es\/?p=38030"},"modified":"2016-02-06T19:45:38","modified_gmt":"2016-02-06T17:45:38","slug":"morterazos-terroristas-contra-deraa-dejan-tres-heridos","status":"publish","type":"post","link":"https:\/\/archive.sana.sy\/es\/?p=38030","title":{"rendered":"Morterazos terroristas contra Deraa dejan tres heridos"},"content":{"rendered":"<p style=\"text-align: justify\"><span style=\"color: #800000\">Deraa, SANA-\u00a0<\/span>Tres personas resultaron heridas tras ataques terroristas con mortero contra la ciudad de Deraa.<\/p>\n<p style=\"text-align: justify\">Una fuente en la gobernaci\u00f3n inform\u00f3 que terroristas desplegados en el barrio de Mukhayam al-Nazihin (situado al sureste de la ciudad de Deraa) y en la localidad de Naima dispararon esta tarde varios obuses de mortero contra diferentes barrios de la ciudad de Deraa, causando varios heridos y da\u00f1os materiales.<\/p>\n<p style=\"text-align: justify\">Mientras que una fuente m\u00e9dico confirm\u00f3 que los puntos m\u00e9dicos de la Media Luna Roja \u00c1rabe Siria recibieron a tres personas con heridas de car\u00e1cter leve y mediano, los cuales fueron hospitalizados a continuaci\u00f3n\u00a0para recibir la atenci\u00f3n m\u00e9dica necesaria.<\/p>\n<p>Lynn A.<\/p>\n","protected":false},"excerpt":{"rendered":"<p>Deraa, SANA-\u00a0Tres personas resultaron heridas tras ataques terroristas con mortero contra la ciudad de Deraa. Una fuente en la gobernaci\u00f3n inform\u00f3 que terroristas desplegados en el barrio de Mukhayam al-Nazihin (situado al sureste de la ciudad de Deraa) y en la localidad de Naima dispararon esta tarde varios obuses de mortero contra diferentes barrios de &hellip;<\/p>\n","protected":false},"author":24,"featured_media":36043,"comment_status":"closed","ping_status":"closed","sticky":false,"template":"","format":"standard","meta":{"footnotes":""},"categories":[477,597,573,476,7541],"tags":[],"class_list":["post-38030","post","type-post","status-publish","format-standard","has-post-thumbnail","","category-noticias-edulcorantes","category-cinta-de-noticias","category-la-realidad-de-los-acontecimientos-en-siria","category-locales","category-ultimas-noticias"],"_links":{"self":[{"href":"https:\/\/archive.sana.sy\/es\/index.php?rest_route=\/wp\/v2\/posts\/38030"}],"collection":[{"href":"https:\/\/archive.sana.sy\/es\/index.php?rest_route=\/wp\/v2\/posts"}],"about":[{"href":"https:\/\/archive.sana.sy\/es\/index.php?rest_route=\/wp\/v2\/types\/post"}],"author":[{"embeddable":true,"href":"https:\/\/archive.sana.sy\/es\/index.php?rest_route=\/wp\/v2\/users\/24"}],"replies":[{"embeddable":true,"href":"https:\/\/archive.sana.sy\/es\/index.php?rest_route=%2Fwp%2Fv2%2Fcomments&post=38030"}],"version-history":[{"count":0,"href":"https:\/\/archive.sana.sy\/es\/index.php?rest_route=\/wp\/v2\/posts\/38030\/revisions"}],"wp:featuredmedia":[{"embeddable":true,"href":"https:\/\/archive.sana.sy\/es\/index.php?rest_route=\/wp\/v2\/media\/36043"}],"wp:attachment":[{"href":"https:\/\/archive.sana.sy\/es\/index.php?rest_route=%2Fwp%2Fv2%2Fmedia&parent=38030"}],"wp:term":[{"taxonomy":"category","embeddable":true,"href":"https:\/\/archive.sana.sy\/es\/index.php?rest_route=%2Fwp%2Fv2%2Fcategories&post=38030"},{"taxonomy":"post_tag","embeddable":true,"href":"https:\/\/archive.sana.sy\/es\/index.php?rest_route=%2Fwp%2Fv2%2Ftags&post=38030"}],"curies":[{"name":"wp","href":"https:\/\/api.w.org\/{rel}","templated":true}]}}