{"id":38036,"date":"2016-02-06T17:04:03","date_gmt":"2016-02-06T15:04:03","guid":{"rendered":"http:\/\/www.sana.sy\/es\/?p=38036"},"modified":"2016-02-06T22:23:10","modified_gmt":"2016-02-06T20:23:10","slug":"ministro-de-defensa-visita-fuerzas-que-operan-en-la-localidad-de-atman","status":"publish","type":"post","link":"https:\/\/archive.sana.sy\/es\/?p=38036","title":{"rendered":"Ministro de Defensa visita fuerzas que operan en la localidad de Atman"},"content":{"rendered":"<p style=\"text-align: justify\"><span style=\"color: #800000\">Deraa, SANA-\u00a0<\/span>Atendiendo \u00f3rdenes del presidente Bashar al-Assad, el\u00a0Vicecomandante en Jefe del Ej\u00e9rcito General, \u00a0Ministro de Defensa, General de Divisi\u00f3n, Fahed Yassem al-Freiy visit\u00f3 este s\u00e1bado a las unidades castrenses que operan en la localidad de Atman situada en el campo norte\u00f1o de Deraa.<\/p>\n<p style=\"text-align: justify\">Al reunirse con los uniformados sirios en dicha localidad, el titular de Defensa les transmiti\u00f3 las felicitaciones del presidente al-Assad por sus heroicidades que posibilitaron el restablecimiento de la seguridad en Atman.<\/p>\n<p style=\"text-align: center\"><a href=\"http:\/\/www.sana.sy\/es\/?attachment_id=38054\" rel=\"attachment wp-att-38054\"><img loading=\"lazy\" decoding=\"async\" class=\"alignnone size-medium wp-image-38054\" src=\"http:\/\/www.sana.sy\/es\/wp-content\/uploads\/2016\/02\/\u0627\u0644\u0641\u0631\u064a\u062c-660x330-300x150.jpg\" alt=\"\u0627\u0644\u0641\u0631\u064a\u062c-660x330\" width=\"300\" height=\"150\" srcset=\"https:\/\/archive.sana.sy\/es\/wp-content\/uploads\/2016\/02\/\u0627\u0644\u0641\u0631\u064a\u062c-660x330-300x150.jpg 300w, https:\/\/archive.sana.sy\/es\/wp-content\/uploads\/2016\/02\/\u0627\u0644\u0641\u0631\u064a\u062c-660x330-150x75.jpg 150w, https:\/\/archive.sana.sy\/es\/wp-content\/uploads\/2016\/02\/\u0627\u0644\u0641\u0631\u064a\u062c-660x330.jpg 660w\" sizes=\"(max-width: 300px) 100vw, 300px\" \/><\/a><\/p>\n<p style=\"text-align: justify\">El general al-Freiy iz\u00f3 la bandera de Siria en la plaza de la localidad de Atman, a continuaci\u00f3n escuch\u00f3 una explicaci\u00f3n detallada de las operaciones militares llevadas a cabo en la regi\u00f3n sur.<\/p>\n<p style=\"text-align: justify\">Asegur\u00f3 que el ej\u00e9rcito sirio y los grupos de defensa populares seguir\u00e1n logrando victorias hasta erradicar el terrorismo de todo el territorio sirio.<\/p>\n<p>Lynn A.<\/p>\n","protected":false},"excerpt":{"rendered":"<p>Deraa, SANA-\u00a0Atendiendo \u00f3rdenes del presidente Bashar al-Assad, el\u00a0Vicecomandante en Jefe del Ej\u00e9rcito General, \u00a0Ministro de Defensa, General de Divisi\u00f3n, Fahed Yassem al-Freiy visit\u00f3 este s\u00e1bado a las unidades castrenses que operan en la localidad de Atman situada en el campo norte\u00f1o de Deraa. Al reunirse con los uniformados sirios en dicha localidad, el titular de &hellip;<\/p>\n","protected":false},"author":24,"featured_media":38037,"comment_status":"closed","ping_status":"closed","sticky":false,"template":"","format":"standard","meta":{"footnotes":""},"categories":[477,597,573,476,583,7541],"tags":[],"class_list":["post-38036","post","type-post","status-publish","format-standard","has-post-thumbnail","","category-noticias-edulcorantes","category-cinta-de-noticias","category-la-realidad-de-los-acontecimientos-en-siria","category-locales","category-slide","category-ultimas-noticias"],"_links":{"self":[{"href":"https:\/\/archive.sana.sy\/es\/index.php?rest_route=\/wp\/v2\/posts\/38036"}],"collection":[{"href":"https:\/\/archive.sana.sy\/es\/index.php?rest_route=\/wp\/v2\/posts"}],"about":[{"href":"https:\/\/archive.sana.sy\/es\/index.php?rest_route=\/wp\/v2\/types\/post"}],"author":[{"embeddable":true,"href":"https:\/\/archive.sana.sy\/es\/index.php?rest_route=\/wp\/v2\/users\/24"}],"replies":[{"embeddable":true,"href":"https:\/\/archive.sana.sy\/es\/index.php?rest_route=%2Fwp%2Fv2%2Fcomments&post=38036"}],"version-history":[{"count":0,"href":"https:\/\/archive.sana.sy\/es\/index.php?rest_route=\/wp\/v2\/posts\/38036\/revisions"}],"wp:featuredmedia":[{"embeddable":true,"href":"https:\/\/archive.sana.sy\/es\/index.php?rest_route=\/wp\/v2\/media\/38037"}],"wp:attachment":[{"href":"https:\/\/archive.sana.sy\/es\/index.php?rest_route=%2Fwp%2Fv2%2Fmedia&parent=38036"}],"wp:term":[{"taxonomy":"category","embeddable":true,"href":"https:\/\/archive.sana.sy\/es\/index.php?rest_route=%2Fwp%2Fv2%2Fcategories&post=38036"},{"taxonomy":"post_tag","embeddable":true,"href":"https:\/\/archive.sana.sy\/es\/index.php?rest_route=%2Fwp%2Fv2%2Ftags&post=38036"}],"curies":[{"name":"wp","href":"https:\/\/api.w.org\/{rel}","templated":true}]}}