{"id":38107,"date":"2016-02-07T17:59:33","date_gmt":"2016-02-07T15:59:33","guid":{"rendered":"http:\/\/www.sana.sy\/es\/?p=38107"},"modified":"2016-02-07T19:25:34","modified_gmt":"2016-02-07T17:25:34","slug":"papa-francisco-llama-la-comunidad-internacional-a-no-escatimar-esfuerzo-ninguno-para-alcanzar-una-solucion-a-la-crisis-de-siria","status":"publish","type":"post","link":"https:\/\/archive.sana.sy\/es\/?p=38107","title":{"rendered":"Papa Francisco llama la comunidad internacional a no escatimar esfuerzo ninguno para alcanzar una soluci\u00f3n a la crisis de Siria"},"content":{"rendered":"<p><strong>El Vaticano-SANA<\/strong><\/p>\n<p><strong>El papa Francisco ha pedido a la comunidad internacional que no escatime esfuerzo ninguno para alcanzar una soluci\u00f3n pol\u00edtica a la crisis de Siria.<\/strong><\/p>\n<p><strong>\u00a8Solamente una soluci\u00f3n pol\u00edtica a la crisis siria garantizar\u00e1 la reconciliaci\u00f3n y la paz en este pa\u00eds\u00a8, dijo el sumo pont\u00edfice en el Evangelio del Domingo, pidiendo\u00a0al mismo tiempo oraciones\u00a0por la restauraci\u00f3n de la seguridad y la estabilidad en Siria.<\/strong><\/p>\n<p><strong>De igual modo hizo hincapi\u00e9 en la necesidad de llevar todas las partes sirias a la mesa del dialogo a fin de alcanzar una soluci\u00f3n pol\u00edtica a la crisis siria.<\/strong><\/p>\n<p><strong>Yamil K.<\/strong><\/p>\n","protected":false},"excerpt":{"rendered":"<p>El Vaticano-SANA El papa Francisco ha pedido a la comunidad internacional que no escatime esfuerzo ninguno para alcanzar una soluci\u00f3n pol\u00edtica a la crisis de Siria. \u00a8Solamente una soluci\u00f3n pol\u00edtica a la crisis siria garantizar\u00e1 la reconciliaci\u00f3n y la paz en este pa\u00eds\u00a8, dijo el sumo pont\u00edfice en el Evangelio del Domingo, pidiendo\u00a0al mismo tiempo &hellip;<\/p>\n","protected":false},"author":1,"featured_media":38108,"comment_status":"closed","ping_status":"closed","sticky":false,"template":"","format":"standard","meta":{"footnotes":""},"categories":[456,457,7541],"tags":[],"class_list":["post-38107","post","type-post","status-publish","format-standard","has-post-thumbnail","","category-arabe-internacional-politica","category-noticias-arabe-internacional-politica","category-ultimas-noticias"],"_links":{"self":[{"href":"https:\/\/archive.sana.sy\/es\/index.php?rest_route=\/wp\/v2\/posts\/38107"}],"collection":[{"href":"https:\/\/archive.sana.sy\/es\/index.php?rest_route=\/wp\/v2\/posts"}],"about":[{"href":"https:\/\/archive.sana.sy\/es\/index.php?rest_route=\/wp\/v2\/types\/post"}],"author":[{"embeddable":true,"href":"https:\/\/archive.sana.sy\/es\/index.php?rest_route=\/wp\/v2\/users\/1"}],"replies":[{"embeddable":true,"href":"https:\/\/archive.sana.sy\/es\/index.php?rest_route=%2Fwp%2Fv2%2Fcomments&post=38107"}],"version-history":[{"count":0,"href":"https:\/\/archive.sana.sy\/es\/index.php?rest_route=\/wp\/v2\/posts\/38107\/revisions"}],"wp:featuredmedia":[{"embeddable":true,"href":"https:\/\/archive.sana.sy\/es\/index.php?rest_route=\/wp\/v2\/media\/38108"}],"wp:attachment":[{"href":"https:\/\/archive.sana.sy\/es\/index.php?rest_route=%2Fwp%2Fv2%2Fmedia&parent=38107"}],"wp:term":[{"taxonomy":"category","embeddable":true,"href":"https:\/\/archive.sana.sy\/es\/index.php?rest_route=%2Fwp%2Fv2%2Fcategories&post=38107"},{"taxonomy":"post_tag","embeddable":true,"href":"https:\/\/archive.sana.sy\/es\/index.php?rest_route=%2Fwp%2Fv2%2Ftags&post=38107"}],"curies":[{"name":"wp","href":"https:\/\/api.w.org\/{rel}","templated":true}]}}