{"id":38121,"date":"2016-02-08T11:49:40","date_gmt":"2016-02-08T09:49:40","guid":{"rendered":"http:\/\/www.sana.sy\/es\/?p=38121"},"modified":"2016-02-08T11:49:40","modified_gmt":"2016-02-08T09:49:40","slug":"comienza-inspeccion-sorpresa-de-las-fuerzas-en-el-distrito-sur-de-rusia","status":"publish","type":"post","link":"https:\/\/archive.sana.sy\/es\/?p=38121","title":{"rendered":"Comienza inspecci\u00f3n sorpresa de las fuerzas en el Distrito Sur de Rusia"},"content":{"rendered":"<p style=\"text-align: justify\"><span style=\"color: #800000\">Mosc\u00fa, SANA<\/span><\/p>\n<p style=\"text-align: justify\">El ministro de Defensa ruso, Sergu\u00e9i Shoig\u00fa, el inicio de una inspecci\u00f3n sorpresa de la capacidad combativa de la aviaci\u00f3n y las fuerzas de defensa antia\u00e9rea en el Distrito Militar Sur.<\/p>\n<p style=\"text-align: justify\">Seg\u00fan el ministro ruso, las unidades de las tropas aerotransportadas y la aviaci\u00f3n de transporte militar est\u00e1n en alerta desde las cinco de la ma\u00f1ana de este lunes, donde comenzar\u00e1 una inspecci\u00f3n sorpresa de la capacidad combativa de las tropas en la direcci\u00f3n estrat\u00e9gica suroeste.<\/p>\n<p style=\"text-align: justify\">Seg\u00fan inform\u00f3 la agencia de noticias rusa &#8220;Sputnik&#8221;, durante las inspecci\u00f3n se evaluar\u00e1 la capacidad de las tropas del Distrito ante las situaciones cr\u00edticas de diverso tipo, incluidas la lucha antiterrorista, la eliminaci\u00f3n de las consecuencias de los desastres de origen natural y tecnol\u00f3gico.<\/p>\n<p style=\"text-align: justify\">Tambi\u00e9n se comprobar\u00e1 la disposici\u00f3n de las fuerzas de aviaci\u00f3n y de defensa antia\u00e9rea para repeler ataques a\u00e9reos de enemigos y proteger instalaciones militares y gubernamentales.<\/p>\n<p style=\"text-align: justify\">Adem\u00e1s, el ministro comunic\u00f3 que la Flota del mar Negro y la Flotilla de Caspio cumplir\u00e1n diversas misiones pr\u00e1cticas en los pol\u00edgonos mar\u00edtimos.<\/p>\n<p style=\"text-align: justify\">Shoig\u00fa orden\u00f3 al viceministro de Defensa ruso informar a los agregados militares de otros pa\u00edses sobre la inspecci\u00f3n sorpresa.<\/p>\n<p style=\"text-align: justify\"><span style=\"color: #0000ff\"><strong>Fady M., Hala B.<\/strong><\/span><\/p>\n","protected":false},"excerpt":{"rendered":"<p>Mosc\u00fa, SANA El ministro de Defensa ruso, Sergu\u00e9i Shoig\u00fa, el inicio de una inspecci\u00f3n sorpresa de la capacidad combativa de la aviaci\u00f3n y las fuerzas de defensa antia\u00e9rea en el Distrito Militar Sur. Seg\u00fan el ministro ruso, las unidades de las tropas aerotransportadas y la aviaci\u00f3n de transporte militar est\u00e1n en alerta desde las cinco &hellip;<\/p>\n","protected":false},"author":1,"featured_media":38122,"comment_status":"closed","ping_status":"closed","sticky":false,"template":"","format":"standard","meta":{"footnotes":""},"categories":[597,576,7541],"tags":[7973],"class_list":["post-38121","post","type-post","status-publish","format-standard","has-post-thumbnail","","category-cinta-de-noticias","category-noticias-politicas","category-ultimas-noticias","tag-comienza-inspeccion-sorpresa-de-las-fuerzas-en-el-distrito-sur-de-rusia"],"_links":{"self":[{"href":"https:\/\/archive.sana.sy\/es\/index.php?rest_route=\/wp\/v2\/posts\/38121"}],"collection":[{"href":"https:\/\/archive.sana.sy\/es\/index.php?rest_route=\/wp\/v2\/posts"}],"about":[{"href":"https:\/\/archive.sana.sy\/es\/index.php?rest_route=\/wp\/v2\/types\/post"}],"author":[{"embeddable":true,"href":"https:\/\/archive.sana.sy\/es\/index.php?rest_route=\/wp\/v2\/users\/1"}],"replies":[{"embeddable":true,"href":"https:\/\/archive.sana.sy\/es\/index.php?rest_route=%2Fwp%2Fv2%2Fcomments&post=38121"}],"version-history":[{"count":0,"href":"https:\/\/archive.sana.sy\/es\/index.php?rest_route=\/wp\/v2\/posts\/38121\/revisions"}],"wp:featuredmedia":[{"embeddable":true,"href":"https:\/\/archive.sana.sy\/es\/index.php?rest_route=\/wp\/v2\/media\/38122"}],"wp:attachment":[{"href":"https:\/\/archive.sana.sy\/es\/index.php?rest_route=%2Fwp%2Fv2%2Fmedia&parent=38121"}],"wp:term":[{"taxonomy":"category","embeddable":true,"href":"https:\/\/archive.sana.sy\/es\/index.php?rest_route=%2Fwp%2Fv2%2Fcategories&post=38121"},{"taxonomy":"post_tag","embeddable":true,"href":"https:\/\/archive.sana.sy\/es\/index.php?rest_route=%2Fwp%2Fv2%2Ftags&post=38121"}],"curies":[{"name":"wp","href":"https:\/\/api.w.org\/{rel}","templated":true}]}}