{"id":38124,"date":"2016-02-08T11:52:28","date_gmt":"2016-02-08T09:52:28","guid":{"rendered":"http:\/\/www.sana.sy\/es\/?p=38124"},"modified":"2016-02-08T11:52:28","modified_gmt":"2016-02-08T09:52:28","slug":"patriarca-al-rai-reitera-su-llamado-a-detener-la-guerra-en-siria-y-la-region","status":"publish","type":"post","link":"https:\/\/archive.sana.sy\/es\/?p=38124","title":{"rendered":"Patriarca al Rai reitera su llamado a detener la guerra en Siria y la regi\u00f3n"},"content":{"rendered":"<p style=\"text-align: justify\"><span style=\"color: #800000\">Beirut, SANA<\/span><\/p>\n<p style=\"text-align: justify\">El patriarca maronita del L\u00edbano, Mar Bechara Boutros al Rahi, llam\u00f3 a los gobernantes de los pa\u00edses de la regi\u00f3n y del mundo para detener la guerra en Siria, Palestina e Irak, y dejar de apoyar con dinero y armas a los grupos terroristas.<\/p>\n<p style=\"text-align: justify\">En la misa dominical en la iglesia de Nuestra Se\u00f1ora en Bkirki, el patriarca al Rai dijo que los ciudadanos de estos pa\u00edses tienen derecho de disfrutar de la paz y de vivir seguros sobre su tierra, donde escribieron su historia y cultura, y formaron su identidad.&#8221;<\/p>\n<p style=\"text-align: justify\">Por otro lado, el Patriarca lanz\u00f3 un llamamiento a los bloques pol\u00edticos y parlamentarios del L\u00edbano para acelerar la elecci\u00f3n de un nuevo presidente para el pa\u00eds.<\/p>\n<p style=\"text-align: justify\"><span style=\"color: #0000ff\"><strong>Fady M., Hala B.<\/strong><\/span><\/p>\n","protected":false},"excerpt":{"rendered":"<p>Beirut, SANA El patriarca maronita del L\u00edbano, Mar Bechara Boutros al Rahi, llam\u00f3 a los gobernantes de los pa\u00edses de la regi\u00f3n y del mundo para detener la guerra en Siria, Palestina e Irak, y dejar de apoyar con dinero y armas a los grupos terroristas. En la misa dominical en la iglesia de Nuestra &hellip;<\/p>\n","protected":false},"author":1,"featured_media":38125,"comment_status":"closed","ping_status":"closed","sticky":false,"template":"","format":"standard","meta":{"footnotes":""},"categories":[456,457],"tags":[7974],"class_list":["post-38124","post","type-post","status-publish","format-standard","has-post-thumbnail","","category-arabe-internacional-politica","category-noticias-arabe-internacional-politica","tag-patriarca-al-rai-reitera-su-llamado-a-detener-la-guerra-en-siria-y-la-region"],"_links":{"self":[{"href":"https:\/\/archive.sana.sy\/es\/index.php?rest_route=\/wp\/v2\/posts\/38124"}],"collection":[{"href":"https:\/\/archive.sana.sy\/es\/index.php?rest_route=\/wp\/v2\/posts"}],"about":[{"href":"https:\/\/archive.sana.sy\/es\/index.php?rest_route=\/wp\/v2\/types\/post"}],"author":[{"embeddable":true,"href":"https:\/\/archive.sana.sy\/es\/index.php?rest_route=\/wp\/v2\/users\/1"}],"replies":[{"embeddable":true,"href":"https:\/\/archive.sana.sy\/es\/index.php?rest_route=%2Fwp%2Fv2%2Fcomments&post=38124"}],"version-history":[{"count":0,"href":"https:\/\/archive.sana.sy\/es\/index.php?rest_route=\/wp\/v2\/posts\/38124\/revisions"}],"wp:featuredmedia":[{"embeddable":true,"href":"https:\/\/archive.sana.sy\/es\/index.php?rest_route=\/wp\/v2\/media\/38125"}],"wp:attachment":[{"href":"https:\/\/archive.sana.sy\/es\/index.php?rest_route=%2Fwp%2Fv2%2Fmedia&parent=38124"}],"wp:term":[{"taxonomy":"category","embeddable":true,"href":"https:\/\/archive.sana.sy\/es\/index.php?rest_route=%2Fwp%2Fv2%2Fcategories&post=38124"},{"taxonomy":"post_tag","embeddable":true,"href":"https:\/\/archive.sana.sy\/es\/index.php?rest_route=%2Fwp%2Fv2%2Ftags&post=38124"}],"curies":[{"name":"wp","href":"https:\/\/api.w.org\/{rel}","templated":true}]}}