{"id":38133,"date":"2016-02-08T15:45:44","date_gmt":"2016-02-08T13:45:44","guid":{"rendered":"http:\/\/www.sana.sy\/es\/?p=38133"},"modified":"2016-02-08T18:57:12","modified_gmt":"2016-02-08T16:57:12","slug":"firmado-el-plan-de-accion-conjunta-entre-el-ministerio-de-salud-y-la-oms-para-los-anos-2016-y-2017","status":"publish","type":"post","link":"https:\/\/archive.sana.sy\/es\/?p=38133","title":{"rendered":"Firmado el plan de acci\u00f3n conjunta entre el Ministerio de Salud y la\u00a0 OMS para los a\u00f1os 2016 y 2017"},"content":{"rendered":"<p style=\"text-align: justify\"><span style=\"color: #800000\"><strong>Damasco, SANA<\/strong><\/span><\/p>\n<p style=\"text-align: justify\"><strong>Ha sido firmado hoy un plan de trabajo conjunto entre el Ministerio de Salud y la Organizaci\u00f3n Mundial de la Salud (OMS) para los dos a\u00f1os 2016 y 2017.<\/strong><\/p>\n<p style=\"text-align: justify\"><strong>El plan firmado esboza\u00a0 cinco campos prioritarios en el sector de la salud que son: Las enfermedades transmisibles y no transmisibles, fortalecer la salud en las diferentes etapas de la vida especialmente las madres, los ni\u00f1os y los ancianos, adem\u00e1s de reforzar los sistemas de salud y aumentar las capacidades para emergencias y desastres.<\/strong><\/p>\n<p style=\"text-align: justify\"><strong>En una declaraci\u00f3n de prensa tras la suscripci\u00f3n del plan, el ministro de Salud en Dr. Nizar Yaziji expres\u00f3 su gratitud por el soporte t\u00e9cnico ofrecido por la OMS durante los \u00faltimos a\u00f1os, especialmente durante la guerra que vive Siria.<\/strong><\/p>\n<p style=\"text-align: justify\"><img loading=\"lazy\" decoding=\"async\" class=\"alignnone size-medium wp-image-38135\" src=\"http:\/\/www.sana.sy\/es\/wp-content\/uploads\/2016\/02\/paln-1-300x172.jpg\" alt=\"paln 1\" width=\"300\" height=\"172\" srcset=\"https:\/\/archive.sana.sy\/es\/wp-content\/uploads\/2016\/02\/paln-1.jpg 300w, https:\/\/archive.sana.sy\/es\/wp-content\/uploads\/2016\/02\/paln-1-150x86.jpg 150w\" sizes=\"(max-width: 300px) 100vw, 300px\" \/><\/p>\n<p style=\"text-align: justify\"><strong>El mismo manifest\u00f3 su esperanza en la continuaci\u00f3n de la cooperaci\u00f3n con dicha organizaci\u00f3n en todos los casos de salud para fortalecer el sistema de salud y ofrecer los servicios medicales a los ciudadanos y contribuir en la rehabilitaci\u00f3n de la infraestructura da\u00f1ada por los actos terroristas.<\/strong><\/p>\n<p style=\"text-align: justify\"><strong>Por su parte Elizabeth Hoff, representante residente de la Organizaci\u00f3n Mundial de la Salud en Damasco se\u00f1al\u00f3 que la colaboraci\u00f3n entre los dos partes contribuye a cubrir m\u00e1s necesidades para los afectados y hacer frente a las enfermedades transmisibles e infecciosas, afirmando el inter\u00e9s de la organizaci\u00f3n en fortalecer la colaboraci\u00f3n conjunta entre todos los sectores de prioridad especificados por el Ministerio de Salud.<\/strong><\/p>\n<p style=\"text-align: justify\"><span style=\"color: #0000ff\">Hala B., Riad Sh<\/span><\/p>\n<p style=\"text-align: justify\"><strong>\u00a0<\/strong><\/p>\n","protected":false},"excerpt":{"rendered":"<p>Damasco, SANA Ha sido firmado hoy un plan de trabajo conjunto entre el Ministerio de Salud y la Organizaci\u00f3n Mundial de la Salud (OMS) para los dos a\u00f1os 2016 y 2017. El plan firmado esboza\u00a0 cinco campos prioritarios en el sector de la salud que son: Las enfermedades transmisibles y no transmisibles, fortalecer la salud &hellip;<\/p>\n","protected":false},"author":1,"featured_media":38134,"comment_status":"closed","ping_status":"closed","sticky":false,"template":"","format":"standard","meta":{"footnotes":""},"categories":[477,597,476,576,583,7541],"tags":[7977],"class_list":["post-38133","post","type-post","status-publish","format-standard","has-post-thumbnail","","category-noticias-edulcorantes","category-cinta-de-noticias","category-locales","category-noticias-politicas","category-slide","category-ultimas-noticias","tag-firmado-el-plan-de-accion-conjunta-entre-el-ministerio-de-salud-y-la-oms-para-los-anos-2016-y-2017"],"_links":{"self":[{"href":"https:\/\/archive.sana.sy\/es\/index.php?rest_route=\/wp\/v2\/posts\/38133"}],"collection":[{"href":"https:\/\/archive.sana.sy\/es\/index.php?rest_route=\/wp\/v2\/posts"}],"about":[{"href":"https:\/\/archive.sana.sy\/es\/index.php?rest_route=\/wp\/v2\/types\/post"}],"author":[{"embeddable":true,"href":"https:\/\/archive.sana.sy\/es\/index.php?rest_route=\/wp\/v2\/users\/1"}],"replies":[{"embeddable":true,"href":"https:\/\/archive.sana.sy\/es\/index.php?rest_route=%2Fwp%2Fv2%2Fcomments&post=38133"}],"version-history":[{"count":0,"href":"https:\/\/archive.sana.sy\/es\/index.php?rest_route=\/wp\/v2\/posts\/38133\/revisions"}],"wp:featuredmedia":[{"embeddable":true,"href":"https:\/\/archive.sana.sy\/es\/index.php?rest_route=\/wp\/v2\/media\/38134"}],"wp:attachment":[{"href":"https:\/\/archive.sana.sy\/es\/index.php?rest_route=%2Fwp%2Fv2%2Fmedia&parent=38133"}],"wp:term":[{"taxonomy":"category","embeddable":true,"href":"https:\/\/archive.sana.sy\/es\/index.php?rest_route=%2Fwp%2Fv2%2Fcategories&post=38133"},{"taxonomy":"post_tag","embeddable":true,"href":"https:\/\/archive.sana.sy\/es\/index.php?rest_route=%2Fwp%2Fv2%2Ftags&post=38133"}],"curies":[{"name":"wp","href":"https:\/\/api.w.org\/{rel}","templated":true}]}}