{"id":38140,"date":"2016-02-08T18:50:38","date_gmt":"2016-02-08T16:50:38","guid":{"rendered":"http:\/\/www.sana.sy\/es\/?p=38140"},"modified":"2016-02-08T20:03:41","modified_gmt":"2016-02-08T18:03:41","slug":"peskov-las-organizaciones-terroristas-no-y-no-deben-participar-en-el-dialogo-sirio-sirio","status":"publish","type":"post","link":"https:\/\/archive.sana.sy\/es\/?p=38140","title":{"rendered":"Peskov: Las organizaciones terroristas no y no deben participar en el dialogo sirio-sirio"},"content":{"rendered":"<p>Mosc\u00fa-SANA<\/p>\n<p>El portavoz de la presidencia de Rusia, Dimitri Peskov ha anunciado que las organizaciones terroristas no y no deben participar en el dialogo sirio-sirio celebrado en Ginebra.<\/p>\n<p>En declaraciones a los periodistas Peskov agreg\u00f3 que Rusia no debe ser culpada por la suspensi\u00f3n del dialogo en Ginebra, y record\u00f3 que las fuerzas rusas proporcionan apoyo al ej\u00e9rcito sirio de cara al terrorismo.<\/p>\n<p>En respuesta a una pregunta sobre la presencia de una fuerza especial chechena operando en Siria, el funcionario ruso aclar\u00f3 que el ministerio ruso de defensa ha dado explicaciones claras sobre las unidades militares rusas que operan contra el terrorismo en Siria.<\/p>\n<p>\u00a8les propongo que escuchen dichas aclaraciones, esa pregunta deber\u00eda ser dirigida a las partes pertinentes, y no se deber\u00eda hablar de un destacamento de fuerzas especiales chechenas sino de unidades federales pertinentes\u00a8, dijo el vocero ruso.<\/p>\n<p>Yamil K.<\/p>\n","protected":false},"excerpt":{"rendered":"<p>Mosc\u00fa-SANA El portavoz de la presidencia de Rusia, Dimitri Peskov ha anunciado que las organizaciones terroristas no y no deben participar en el dialogo sirio-sirio celebrado en Ginebra. En declaraciones a los periodistas Peskov agreg\u00f3 que Rusia no debe ser culpada por la suspensi\u00f3n del dialogo en Ginebra, y record\u00f3 que las fuerzas rusas proporcionan &hellip;<\/p>\n","protected":false},"author":1,"featured_media":38141,"comment_status":"closed","ping_status":"closed","sticky":false,"template":"","format":"standard","meta":{"footnotes":""},"categories":[456,457,576,7541],"tags":[],"class_list":["post-38140","post","type-post","status-publish","format-standard","has-post-thumbnail","","category-arabe-internacional-politica","category-noticias-arabe-internacional-politica","category-noticias-politicas","category-ultimas-noticias"],"_links":{"self":[{"href":"https:\/\/archive.sana.sy\/es\/index.php?rest_route=\/wp\/v2\/posts\/38140"}],"collection":[{"href":"https:\/\/archive.sana.sy\/es\/index.php?rest_route=\/wp\/v2\/posts"}],"about":[{"href":"https:\/\/archive.sana.sy\/es\/index.php?rest_route=\/wp\/v2\/types\/post"}],"author":[{"embeddable":true,"href":"https:\/\/archive.sana.sy\/es\/index.php?rest_route=\/wp\/v2\/users\/1"}],"replies":[{"embeddable":true,"href":"https:\/\/archive.sana.sy\/es\/index.php?rest_route=%2Fwp%2Fv2%2Fcomments&post=38140"}],"version-history":[{"count":0,"href":"https:\/\/archive.sana.sy\/es\/index.php?rest_route=\/wp\/v2\/posts\/38140\/revisions"}],"wp:featuredmedia":[{"embeddable":true,"href":"https:\/\/archive.sana.sy\/es\/index.php?rest_route=\/wp\/v2\/media\/38141"}],"wp:attachment":[{"href":"https:\/\/archive.sana.sy\/es\/index.php?rest_route=%2Fwp%2Fv2%2Fmedia&parent=38140"}],"wp:term":[{"taxonomy":"category","embeddable":true,"href":"https:\/\/archive.sana.sy\/es\/index.php?rest_route=%2Fwp%2Fv2%2Fcategories&post=38140"},{"taxonomy":"post_tag","embeddable":true,"href":"https:\/\/archive.sana.sy\/es\/index.php?rest_route=%2Fwp%2Fv2%2Ftags&post=38140"}],"curies":[{"name":"wp","href":"https:\/\/api.w.org\/{rel}","templated":true}]}}