{"id":38347,"date":"2016-02-11T19:31:27","date_gmt":"2016-02-11T17:31:27","guid":{"rendered":"http:\/\/www.sana.sy\/es\/?p=38347"},"modified":"2016-02-11T19:35:32","modified_gmt":"2016-02-11T17:35:32","slug":"rusia-el-envio-de-tropas-saudies-o-turcas-a-siria-se-considera-como-agresion","status":"publish","type":"post","link":"https:\/\/archive.sana.sy\/es\/?p=38347","title":{"rendered":"Rusia: el env\u00edo de tropas saud\u00edes o turcas a Siria es una agresi\u00f3n"},"content":{"rendered":"<p><span style=\"color: #800000\">Mosc\u00fa, SANA<\/span><\/p>\n<p>El embajador de Rusia ante la ONU, Vitaly Churkin destac\u00f3 la gran trascendencia de la preservaci\u00f3n de la integridad territorial de Siria.<\/p>\n<p>En una entrevista al canal RT, el alto pol\u00edtico ruso asever\u00f3 que \u201cel env\u00edo de tropas saud\u00edes o turcas a Siria se considera como una agresi\u00f3n, tal como hab\u00eda anunciado el gobierno sirio anteriormente\u201d.<\/p>\n<p>Asimismo llam\u00f3 a la participaci\u00f3n de todos los componentes de la sociedad siria, inclusive los kurdos, en las conversaciones intersirias encaminadas a dar con una soluci\u00f3n de la crisis que vive el pa\u00eds desde cinco a\u00f1os.<\/p>\n<p>Churkin llam\u00f3 a la comunidad internacional a tomar consciencia de la necesidad de esforzarse para formular un arreglo pol\u00edtico de la crisis siria.<\/p>\n<p>Cabe recordar que el canciller sirio, Walid al-Moallem hab\u00eda recalcado durante una ruede de prensa que cualquier intervenci\u00f3n en el territorio de Siria sin la aprobaci\u00f3n de su gobierno se trata de una agresi\u00f3n que ha de resistirla.<br \/>\nLynn A.<\/p>\n","protected":false},"excerpt":{"rendered":"<p>Mosc\u00fa, SANA El embajador de Rusia ante la ONU, Vitaly Churkin destac\u00f3 la gran trascendencia de la preservaci\u00f3n de la integridad territorial de Siria. En una entrevista al canal RT, el alto pol\u00edtico ruso asever\u00f3 que \u201cel env\u00edo de tropas saud\u00edes o turcas a Siria se considera como una agresi\u00f3n, tal como hab\u00eda anunciado el &hellip;<\/p>\n","protected":false},"author":24,"featured_media":3640,"comment_status":"closed","ping_status":"closed","sticky":false,"template":"","format":"standard","meta":{"footnotes":""},"categories":[597,467,7541],"tags":[],"class_list":["post-38347","post","type-post","status-publish","format-standard","has-post-thumbnail","","category-cinta-de-noticias","category-siria-y-el-mundo","category-ultimas-noticias"],"_links":{"self":[{"href":"https:\/\/archive.sana.sy\/es\/index.php?rest_route=\/wp\/v2\/posts\/38347"}],"collection":[{"href":"https:\/\/archive.sana.sy\/es\/index.php?rest_route=\/wp\/v2\/posts"}],"about":[{"href":"https:\/\/archive.sana.sy\/es\/index.php?rest_route=\/wp\/v2\/types\/post"}],"author":[{"embeddable":true,"href":"https:\/\/archive.sana.sy\/es\/index.php?rest_route=\/wp\/v2\/users\/24"}],"replies":[{"embeddable":true,"href":"https:\/\/archive.sana.sy\/es\/index.php?rest_route=%2Fwp%2Fv2%2Fcomments&post=38347"}],"version-history":[{"count":0,"href":"https:\/\/archive.sana.sy\/es\/index.php?rest_route=\/wp\/v2\/posts\/38347\/revisions"}],"wp:featuredmedia":[{"embeddable":true,"href":"https:\/\/archive.sana.sy\/es\/index.php?rest_route=\/wp\/v2\/media\/3640"}],"wp:attachment":[{"href":"https:\/\/archive.sana.sy\/es\/index.php?rest_route=%2Fwp%2Fv2%2Fmedia&parent=38347"}],"wp:term":[{"taxonomy":"category","embeddable":true,"href":"https:\/\/archive.sana.sy\/es\/index.php?rest_route=%2Fwp%2Fv2%2Fcategories&post=38347"},{"taxonomy":"post_tag","embeddable":true,"href":"https:\/\/archive.sana.sy\/es\/index.php?rest_route=%2Fwp%2Fv2%2Ftags&post=38347"}],"curies":[{"name":"wp","href":"https:\/\/api.w.org\/{rel}","templated":true}]}}