{"id":38353,"date":"2016-02-11T20:12:02","date_gmt":"2016-02-11T18:12:02","guid":{"rendered":"http:\/\/www.sana.sy\/es\/?p=38353"},"modified":"2016-02-11T20:12:02","modified_gmt":"2016-02-11T18:12:02","slug":"titular-de-salud-siria-ha-adoptado-en-los-ultimos-dos-anos-un-plan-estrategico-para-hacer-frente-a-la-polio","status":"publish","type":"post","link":"https:\/\/archive.sana.sy\/es\/?p=38353","title":{"rendered":"Titular de Salud: Siria ha adoptado en los \u00faltimos dos a\u00f1os un plan estrat\u00e9gico para hacer frente a la polio"},"content":{"rendered":"<p><span style=\"color: #800000\">Damasco, SANA<\/span><\/p>\n<p>El ministro de Salud, Dr. Nizar Yazayi se reuni\u00f3 este jueves con Chris Maher, director del programa de Erradicaci\u00f3n de la Polio y de Emergencia en la oficina regional de la Organizaci\u00f3n Mundial de Salud (OMS).<\/p>\n<p>Durante la reuni\u00f3n, Dr. Yazayi destac\u00f3 que su ministerio ha adoptado en los \u00faltimos dos a\u00f1os un plan estrat\u00e9gico para hacer frente a los casos de polio en Siria despu\u00e9s de que esta epidemia volviera a surgir en 2013.<\/p>\n<p>El titular de Salud asegur\u00f3 a Maher que ning\u00fan caso de polio ha sido registrado en Siria desde el 21 de enero de 2014, gracias a los esfuerzos de su ministerio que moviliz\u00f3 todas sus capacidades para proporcionar las vacunas necesarias y garantizar el \u00e9xito de las jordanas de inmunizaci\u00f3n que llegaron a 17 y se realizaron en cooperaci\u00f3n con la OMS y el UNICEF y la Media Luna Roja \u00c1rabe Siria.<\/p>\n<p>Asimismo explic\u00f3 que las organizaciones terroristas trasmitieron el virus de la polio a Siria, donde el primer caso de polio fue detectado en al-Mayadin en Deir Ezzor.<\/p>\n<p>Denunci\u00f3 que los terroristas imped\u00edan el acceso de las vacunas y la prestaci\u00f3n de los servicios sanitarios para la atenci\u00f3n de los ni\u00f1os a algunas \u00e1reas sirias.<\/p>\n<p>A su vez, Maher alab\u00f3 el programa de vacunaci\u00f3n adoptado por Siria, as\u00ed como las campa\u00f1as anti polio lanzadas por el Ministerio de Salud.<\/p>\n<p>Cabe destacar que la OMS y el UNICEF confirmaron en un comunicado conjunto emitido el 21 de diciembre de 2016, que Siria ha cumplido dos a\u00f1os sin que se reporte ning\u00fan caso de polio en la misma.<\/p>\n<p>&nbsp;<\/p>\n<p>&nbsp;<\/p>\n<p>Lynn A.<\/p>\n","protected":false},"excerpt":{"rendered":"<p>Damasco, SANA El ministro de Salud, Dr. Nizar Yazayi se reuni\u00f3 este jueves con Chris Maher, director del programa de Erradicaci\u00f3n de la Polio y de Emergencia en la oficina regional de la Organizaci\u00f3n Mundial de Salud (OMS). Durante la reuni\u00f3n, Dr. Yazayi destac\u00f3 que su ministerio ha adoptado en los \u00faltimos dos a\u00f1os un &hellip;<\/p>\n","protected":false},"author":24,"featured_media":38354,"comment_status":"closed","ping_status":"closed","sticky":false,"template":"","format":"standard","meta":{"footnotes":""},"categories":[477,476],"tags":[],"class_list":["post-38353","post","type-post","status-publish","format-standard","has-post-thumbnail","","category-noticias-edulcorantes","category-locales"],"_links":{"self":[{"href":"https:\/\/archive.sana.sy\/es\/index.php?rest_route=\/wp\/v2\/posts\/38353"}],"collection":[{"href":"https:\/\/archive.sana.sy\/es\/index.php?rest_route=\/wp\/v2\/posts"}],"about":[{"href":"https:\/\/archive.sana.sy\/es\/index.php?rest_route=\/wp\/v2\/types\/post"}],"author":[{"embeddable":true,"href":"https:\/\/archive.sana.sy\/es\/index.php?rest_route=\/wp\/v2\/users\/24"}],"replies":[{"embeddable":true,"href":"https:\/\/archive.sana.sy\/es\/index.php?rest_route=%2Fwp%2Fv2%2Fcomments&post=38353"}],"version-history":[{"count":0,"href":"https:\/\/archive.sana.sy\/es\/index.php?rest_route=\/wp\/v2\/posts\/38353\/revisions"}],"wp:featuredmedia":[{"embeddable":true,"href":"https:\/\/archive.sana.sy\/es\/index.php?rest_route=\/wp\/v2\/media\/38354"}],"wp:attachment":[{"href":"https:\/\/archive.sana.sy\/es\/index.php?rest_route=%2Fwp%2Fv2%2Fmedia&parent=38353"}],"wp:term":[{"taxonomy":"category","embeddable":true,"href":"https:\/\/archive.sana.sy\/es\/index.php?rest_route=%2Fwp%2Fv2%2Fcategories&post=38353"},{"taxonomy":"post_tag","embeddable":true,"href":"https:\/\/archive.sana.sy\/es\/index.php?rest_route=%2Fwp%2Fv2%2Ftags&post=38353"}],"curies":[{"name":"wp","href":"https:\/\/api.w.org\/{rel}","templated":true}]}}