{"id":38363,"date":"2016-02-11T22:33:21","date_gmt":"2016-02-11T20:33:21","guid":{"rendered":"http:\/\/sana.sy\/es\/?p=38363"},"modified":"2016-02-11T22:33:21","modified_gmt":"2016-02-11T20:33:21","slug":"de-mistura-no-se-definira-la-lista-de-las-organizaciones-terroristas-en-munich","status":"publish","type":"post","link":"https:\/\/archive.sana.sy\/es\/?p=38363","title":{"rendered":"De Mistura: No se definir\u00e1 la lista de las organizaciones terroristas en M\u00fanich"},"content":{"rendered":"<p>M\u00fanich-SANA<\/p>\n<p>El enviado especial de la ONU a Siria Staffan De Mistura ha declarado hoy que no se definir\u00e1 la lista de las organizaciones terroristas en el encuentro del \u00a8Grupo Internacional Especial de Apoyo a Siria\u00a8, sostenido en la ciudad de M\u00fanich.<\/p>\n<p>\u00a8En lo relacionado con los terroristas&#8230;Este tema requiere de mucha discusi\u00f3n y no se definir\u00e1 hoy, y necesita m\u00e1s tiempo para concretarse\u00a8, dijo De Mistura en declaraciones a la agencia rusa TASS.<\/p>\n<p>Subray\u00f3 por otra parte, que el Grupo no ha alcanzado un acuerdo a\u00fan para un alto al fuego en Siria.<\/p>\n<p>Yamil K.<\/p>\n","protected":false},"excerpt":{"rendered":"<p>M\u00fanich-SANA El enviado especial de la ONU a Siria Staffan De Mistura ha declarado hoy que no se definir\u00e1 la lista de las organizaciones terroristas en el encuentro del \u00a8Grupo Internacional Especial de Apoyo a Siria\u00a8, sostenido en la ciudad de M\u00fanich. \u00a8En lo relacionado con los terroristas&#8230;Este tema requiere de mucha discusi\u00f3n y no &hellip;<\/p>\n","protected":false},"author":1,"featured_media":37186,"comment_status":"closed","ping_status":"closed","sticky":false,"template":"","format":"standard","meta":{"footnotes":""},"categories":[456,457,576,7541],"tags":[],"class_list":["post-38363","post","type-post","status-publish","format-standard","has-post-thumbnail","","category-arabe-internacional-politica","category-noticias-arabe-internacional-politica","category-noticias-politicas","category-ultimas-noticias"],"_links":{"self":[{"href":"https:\/\/archive.sana.sy\/es\/index.php?rest_route=\/wp\/v2\/posts\/38363"}],"collection":[{"href":"https:\/\/archive.sana.sy\/es\/index.php?rest_route=\/wp\/v2\/posts"}],"about":[{"href":"https:\/\/archive.sana.sy\/es\/index.php?rest_route=\/wp\/v2\/types\/post"}],"author":[{"embeddable":true,"href":"https:\/\/archive.sana.sy\/es\/index.php?rest_route=\/wp\/v2\/users\/1"}],"replies":[{"embeddable":true,"href":"https:\/\/archive.sana.sy\/es\/index.php?rest_route=%2Fwp%2Fv2%2Fcomments&post=38363"}],"version-history":[{"count":0,"href":"https:\/\/archive.sana.sy\/es\/index.php?rest_route=\/wp\/v2\/posts\/38363\/revisions"}],"wp:featuredmedia":[{"embeddable":true,"href":"https:\/\/archive.sana.sy\/es\/index.php?rest_route=\/wp\/v2\/media\/37186"}],"wp:attachment":[{"href":"https:\/\/archive.sana.sy\/es\/index.php?rest_route=%2Fwp%2Fv2%2Fmedia&parent=38363"}],"wp:term":[{"taxonomy":"category","embeddable":true,"href":"https:\/\/archive.sana.sy\/es\/index.php?rest_route=%2Fwp%2Fv2%2Fcategories&post=38363"},{"taxonomy":"post_tag","embeddable":true,"href":"https:\/\/archive.sana.sy\/es\/index.php?rest_route=%2Fwp%2Fv2%2Ftags&post=38363"}],"curies":[{"name":"wp","href":"https:\/\/api.w.org\/{rel}","templated":true}]}}