{"id":38391,"date":"2016-02-13T13:15:12","date_gmt":"2016-02-13T11:15:12","guid":{"rendered":"http:\/\/sana.sy\/es\/?p=38391"},"modified":"2016-02-13T13:18:31","modified_gmt":"2016-02-13T11:18:31","slug":"el-presidente-bashar-al-assad-en-una-entrevista-con-la-agencia-afp-sobre-los-ultimos-acontecimientos-en-siria-y-en-la-region-2","status":"publish","type":"post","link":"https:\/\/archive.sana.sy\/es\/?p=38391","title":{"rendered":"El Presidente Bashar al-Assad en una entrevista con la agencia AFP sobre los \u00faltimos acontecimientos en Siria y en la regi\u00f3n"},"content":{"rendered":"<p style=\"text-align: justify\"><span style=\"color: #800000\">Damasco, SANA<\/span>&#8211; El Presidente Bashar al-Assad, concedi\u00f3 ayer el viernes una entrevista a la agencia francesa de noticias AFP. Los ejes de la entrevista se centraron sobre los \u00faltimos acontecimientos en Siria y en la regi\u00f3n.<\/p>\n<p style=\"text-align: justify\">Periodista: \u00bfSe\u00f1or Presidente podemos saber c\u00f3mo se siente usted al ver decenas de miles de sus compatriotas mueren de hambre en el camino tratando de llegar a Turqu\u00eda para escapar de los bombardeos de la aviaci\u00f3n de su aliado Rusia, y tambi\u00e9n como se siente al ver los sirios que se ahogan al intentar cruzar el mar hacia Europa?<\/p>\n<p style=\"text-align: justify\">Sr. Presidente: Si queremos hablar de sentimientos, Yo pertenezco a este pueblo. Por tanto, es obvio que les comparto el mismo sentimiento, pero preguntado sobre el responsable, la pregunta no deber\u00eda ser, cuales el sentimiento, sino que, \u00bfqu\u00e9 hay que a hacer en una situaci\u00f3n de este tipo.<\/p>\n<p style=\"text-align: justify\">La causa no es realmente el bombardeo ruso, seg\u00fan los medios de comunicaciones occidentales, pero son los terroristas y el embargo impuesto sobre Siria por Occidente durante los \u00faltimos cinco a\u00f1os, es normal que mi primera misi\u00f3n, como la de cualquier responsable en este pa\u00eds, es luchar contra el terrorismo.<\/p>\n<p style=\"text-align: justify\">Periodista: \u00bfQu\u00e9 le dir\u00eda usted a los que emigran a Europa, se le dice que regresen?<\/p>\n<p>Sr. Presidente: presupuesto, espero que vuelva cada persona que dej\u00f3 Siria. Esto es normal, pero los sentimientos no son suficientes. Esa gente se pregunta qu\u00e9 es lo que me hace volver, as\u00ed que mi respuesta a esta pregunta, es cuando se acaba el terrorismo en el pa\u00eds, van a regresar por su cuenta sin invitaci\u00f3n.<\/p>\n<p style=\"text-align: justify\">Periodista: \u00bfLa recuperaci\u00f3n de Alepo es una cuesti\u00f3n de d\u00edas, y cu\u00e1les son los siguientes pasos, retomar el control completo sobre Latakia, Alepo e Idleb?<\/p>\n<p style=\"text-align: justify\">Sr. Presidente, la batalla de Alepo no es una batalla para recuperar la ciudad de Alepo, porque nosotros, como estado estamos all\u00ed, pero el objetivo fundamental de la batalla es cortar las v\u00edas de suministro de los terroristas entre Alepo y Turqu\u00eda.<\/p>\n<p style=\"text-align: justify\">Periodista: \u00bfse\u00f1or Presidente, usted cree que si se podr\u00eda recuperar todo el territorio sirio y cu\u00e1l es el per\u00edodo de tiempo que va a necesitar?<\/p>\n<p style=\"text-align: justify\">Sr. Presidente, es il\u00f3gico decir que vamos a dejar una parte en las manos de los terroristas y vamos trabajar parar recuperar todo el territorio, y sobre el tema del tiempo, hay hablar de dos cosas, en primer lugar el apoyo continuo de los terroristas a trav\u00e9s de Turqu\u00eda, Jordania y otros estados, por lo cual es dif\u00edcil dar una respuesta precisa sobre este tema, lo m\u00e1s correcto es preguntar hasta cuando seguir\u00e1 Turqu\u00eda junto con Arabia Saudita apoyando a los grupos terroristas.<\/p>\n<p style=\"text-align: justify\">Periodista: \u00bfSr presidente hablando de la oposici\u00f3n y de los grupos armados radicales como Daesh, qui\u00e9n es su principal enemigo?<\/p>\n<p style=\"text-align: justify\">Sr. Presidente: la mayor\u00eda de los armados pertenecen a Daesh y al Frente al-Nusra o a otras organizaciones radicales, por lo consiguiente cada terrorista se considera un enemigo, por otra parte nosotros respetamos la oposici\u00f3n pol\u00edtica y dentro de Siria existe una oposici\u00f3n pol\u00edtica con posiciones duras contra el estado y nosotros la respetamos.<\/p>\n<p style=\"text-align: justify\">Periodista: \u00bfhay una diferencia entre Daesh y el Frente al-Nusra por una parte y entre otros grupos armados para el Estado Sirio?<\/p>\n<p style=\"text-align: justify\">Sr, Presidente: legalmente, toda persona que llev\u00f3 un arma contra el estado se debe enfrentarlo, y pero los grupos radicales rechazan el d\u00edalogo y solo quieren luchar, sobre los llamados Ej\u00e9rcito del Islam y Ahrar al-Sham, son parte de la oposici\u00f3n apoyada por Arabia Saudita, y se sabe que Arabia Saudita es el principal patrocinador del terrorismo en todo el mundo, por lo caula es l\u00f3gico que sus representantes en las conversaciones fueron terroristas y no pol\u00edticos.<\/p>\n<p style=\"text-align: justify\">Periodista: \u00bfSr, presidente, es posible una intervenci\u00f3n militar turca en Siria, y c\u00f3mo ven las amenazas de Arabia Saudita?<\/p>\n<p style=\"text-align: justify\">Sr. Presidente: l\u00f3gicamente, Yo dir\u00eda que la intervenci\u00f3n es imposible, pero a veces la realidad se contradice con la l\u00f3gica, sobre todo cuando existe gente il\u00f3gica dirigiendo un dirigen un pa\u00eds, as\u00ed que es una posibilidad que no puedo excluir, por una simple raz\u00f3n: porque para una persona radical como Erdogan, que apoya a los hermanos musulmanes y tiene el sue\u00f1o de reconstituir el imperio Otomano, los colapsos fracasos en T\u00fanez, Libia, Egipto y Siria son fracasos personales para \u00e9l y amenazan su futuro pol\u00edtico, es lo mismo para Arabia Saudita; la derrota de por los terroristas en Siria es una derrota de sus pol\u00edticas.<\/p>\n<p style=\"text-align: justify\"><a href=\"http:\/\/sana.sy\/es\/?attachment_id=38399\" rel=\"attachment wp-att-38399\"><img loading=\"lazy\" decoding=\"async\" class=\"size-medium wp-image-38399 aligncenter\" src=\"http:\/\/sana.sy\/es\/wp-content\/uploads\/2016\/02\/1484-300x213-300x213.jpg\" alt=\"1484-300x213\" width=\"300\" height=\"213\" srcset=\"https:\/\/archive.sana.sy\/es\/wp-content\/uploads\/2016\/02\/1484-300x213.jpg 300w, https:\/\/archive.sana.sy\/es\/wp-content\/uploads\/2016\/02\/1484-300x213-150x107.jpg 150w\" sizes=\"(max-width: 300px) 100vw, 300px\" \/><\/a><\/p>\n<p style=\"text-align: justify\">Periodista: Sr. Presidente, usted estar\u00eda dispuesto a dar una regi\u00f3n aut\u00f3noma a los kurdos en el norte de Siria despu\u00e9s de que se termine el conflicto armado?<\/p>\n<p style=\"text-align: justify\">Sr. Presidente: esta pregunta es depende de la Constituci\u00f3n de Siria. Usted sabe que la constituci\u00f3n no se crea solo por el gobierno, sino por todas las partes del pa\u00eds y debe ser sometida a un refer\u00e9ndum. Por tanto, la pregunta que debe hacerse a nivel nacional, pero Yo reconfirm\u00f3 que los kurdos son una parte importante de la estructura nacional de Siria.<\/p>\n<p style=\"text-align: justify\">Periodista: \u00bfEs cierto que Rusia intent\u00f3 convencerle a dejar el poder?<\/p>\n<p style=\"text-align: justify\">Sr. Presidente: los rusos nos tratan con respeto y no act\u00faan como un gran estad hacia nosotros, los rusos respetan el estado sirio como un estado soberano. Por lo cual este tema no ha sido discutido de ninguna manera.<\/p>\n<p style=\"text-align: justify\">Y sobre una petici\u00f3n rusa de constituir nuevas bases militares rusas en Siria, dijo el presidente, que Rusia no ha solicitado esto.<\/p>\n<p style=\"text-align: justify\">En relaci\u00f3n con las elecciones presidenciales norteamericanas, coment\u00f3 el presidente, que lo m\u00e1s importante es la pol\u00edtica y no las personas, y que el problema con los pol\u00edticos estadounidenses se reside en que los cuales siempre &#8220;no hacen lo que dicen\u201d.<\/p>\n<p style=\"text-align: justify\">En su respuesta sobre las acusaciones realizadas por unos \u00f3rganos de la ONU sobre masacrares cometidas por el gobierno sirio, dijo el Presidente que los \u00f3rganos de la ONU reflejan el equilibrio entre las grandes potencias, y dichos \u00f3rganos est\u00e1n controlados principalmente por las potencias occidentales y la mayor\u00eda de sus informes se politizan y sirven una agenda pol\u00edtica, y estos \u00f3rganos han dicho nada acerca de las masacres cometidas por grupos terroristas contra ciudadanos inocentes en Siria.<\/p>\n<p style=\"text-align: justify\">Reportero: \u00bfTodav\u00eda quieren ustedes negociar con los armados, o ustedes piensan en acabar con ellos militarmente?<\/p>\n<p style=\"text-align: justify\">Sr. Presidente: Creemos plenamente en las negociaciones y en la acci\u00f3n pol\u00edtica desde el inicio de la crisis, negociar no significa que dejar de luchar contra el terrorismo, en Siria es necesario trabajar en dos direcciones, en primer lugar, la negociaci\u00f3n y, por otra parte, luchar contra los terroristas.<\/p>\n<p style=\"text-align: justify\">Reportero: \u00bfCu\u00e1l es su opini\u00f3n sobre la dimisi\u00f3n de Laurent Fabius? \u00bfCree que esto va a cambiar la pol\u00edtica de Francia hacia Siria?<\/p>\n<p>Sr. Presidente: El cambio de personas no es realmente de gran importancia, sino m\u00e1s bien el cambio en las pol\u00edticas. El gobierno franc\u00e9s ha cambiado, pero las pol\u00edticas francesas siguen iguales, Francia debe adoptar nuevas pol\u00edticas, o cambiar sus actuales pol\u00edticas en la lucha contra el terrorismo, especialmente, tras la muerte de cientos de franceses por culpa de estas pol\u00edticas equivocadas.<\/p>\n<p style=\"text-align: justify\">Se\u00f1or presidente, le agradecemos que haya compartido su tiempo con nosotros y que haya respondido detalladamente a nuestras preguntas.<\/p>\n<p>M.Miri<\/p>\n","protected":false},"excerpt":{"rendered":"<p>Damasco, SANA&#8211; El Presidente Bashar al-Assad, concedi\u00f3 ayer el viernes una entrevista a la agencia francesa de noticias AFP. Los ejes de la entrevista se centraron sobre los \u00faltimos acontecimientos en Siria y en la regi\u00f3n. Periodista: \u00bfSe\u00f1or Presidente podemos saber c\u00f3mo se siente usted al ver decenas de miles de sus compatriotas mueren de &hellip;<\/p>\n","protected":false},"author":1,"featured_media":38398,"comment_status":"closed","ping_status":"closed","sticky":false,"template":"","format":"standard","meta":{"footnotes":""},"categories":[583,626],"tags":[8014],"class_list":["post-38391","post","type-post","status-publish","format-standard","has-post-thumbnail","","category-slide","category-sr-presidente","tag-el-presidente-bashar-al-assad-en-una-entrevista-con-la-agencia-afp-sobre-los-ultimos-acontecimientos-en-siria-y-en-la-region"],"_links":{"self":[{"href":"https:\/\/archive.sana.sy\/es\/index.php?rest_route=\/wp\/v2\/posts\/38391"}],"collection":[{"href":"https:\/\/archive.sana.sy\/es\/index.php?rest_route=\/wp\/v2\/posts"}],"about":[{"href":"https:\/\/archive.sana.sy\/es\/index.php?rest_route=\/wp\/v2\/types\/post"}],"author":[{"embeddable":true,"href":"https:\/\/archive.sana.sy\/es\/index.php?rest_route=\/wp\/v2\/users\/1"}],"replies":[{"embeddable":true,"href":"https:\/\/archive.sana.sy\/es\/index.php?rest_route=%2Fwp%2Fv2%2Fcomments&post=38391"}],"version-history":[{"count":0,"href":"https:\/\/archive.sana.sy\/es\/index.php?rest_route=\/wp\/v2\/posts\/38391\/revisions"}],"wp:featuredmedia":[{"embeddable":true,"href":"https:\/\/archive.sana.sy\/es\/index.php?rest_route=\/wp\/v2\/media\/38398"}],"wp:attachment":[{"href":"https:\/\/archive.sana.sy\/es\/index.php?rest_route=%2Fwp%2Fv2%2Fmedia&parent=38391"}],"wp:term":[{"taxonomy":"category","embeddable":true,"href":"https:\/\/archive.sana.sy\/es\/index.php?rest_route=%2Fwp%2Fv2%2Fcategories&post=38391"},{"taxonomy":"post_tag","embeddable":true,"href":"https:\/\/archive.sana.sy\/es\/index.php?rest_route=%2Fwp%2Fv2%2Ftags&post=38391"}],"curies":[{"name":"wp","href":"https:\/\/api.w.org\/{rel}","templated":true}]}}