{"id":38474,"date":"2016-02-14T13:07:28","date_gmt":"2016-02-14T11:07:28","guid":{"rendered":"http:\/\/www.sana.sy\/es\/?p=38474"},"modified":"2016-02-14T13:07:28","modified_gmt":"2016-02-14T11:07:28","slug":"medvedev-rusia-rechaza-los-planes-intervencionistas-de-algunos-paises-que-apoyan-el-terrorismo","status":"publish","type":"post","link":"https:\/\/archive.sana.sy\/es\/?p=38474","title":{"rendered":"Medvedev: Rusia\u00a0 rechaza los planes intervencionistas de algunos pa\u00edses que apoyan el terrorismo"},"content":{"rendered":"<p style=\"text-align: justify\"><span style=\"color: #800000\"><strong>Mosc\u00fa, SANA<\/strong><\/span><\/p>\n<p style=\"text-align: justify\"><strong>El Primer ministro ruso Dimitri Medvedev afirm\u00f3 el rechazo completo de su pa\u00eds a los planes de los pa\u00edses de intervenir en Siria, advirtiendo que un movimiento &#8220;de este tipo podr\u00eda provocar una guerra real y prolongada.<\/strong><\/p>\n<p style=\"text-align: justify\"><strong>RT cit\u00f3 a Medvedev diciendo en una entrevista de televisi\u00f3n que tenemos que trabajar dentro del marco que se ha acordado con nuestro Ministro de Asuntos Exteriores, Sergei Lavrov, durante las actividades del Grupo Internacional para apoyar a Siria en M\u00fanich \u00faltimamente a\u00f1adiendo que nadie desea una nueva guerra en la regi\u00f3n puesto que la intervenci\u00f3n militar no es m\u00e1s que una guerra a largo plazo.<\/strong><\/p>\n<p style=\"text-align: justify\"><strong>El diplom\u00e1tico ruso afirm\u00f3 que Rusia apoya al estado sirio y dijo que basamos\u00a0 nuestra posici\u00f3n en el hercho de que en Siria no existe\u00a0 por el momento, ning\u00fan representante leg\u00edtima del Estado sirio m\u00e1s que el\u00a0 presidente Bashar al-Assad, independientemente de que esto le guste o no a algunos.<\/strong><\/p>\n<p style=\"text-align: justify\"><span style=\"color: #0000ff\">Hala B., Riad Sh<\/span><\/p>\n","protected":false},"excerpt":{"rendered":"<p>Mosc\u00fa, SANA El Primer ministro ruso Dimitri Medvedev afirm\u00f3 el rechazo completo de su pa\u00eds a los planes de los pa\u00edses de intervenir en Siria, advirtiendo que un movimiento &#8220;de este tipo podr\u00eda provocar una guerra real y prolongada. RT cit\u00f3 a Medvedev diciendo en una entrevista de televisi\u00f3n que tenemos que trabajar dentro del &hellip;<\/p>\n","protected":false},"author":1,"featured_media":38475,"comment_status":"closed","ping_status":"closed","sticky":false,"template":"","format":"standard","meta":{"footnotes":""},"categories":[597,456,576,7541],"tags":[8022],"class_list":["post-38474","post","type-post","status-publish","format-standard","has-post-thumbnail","","category-cinta-de-noticias","category-arabe-internacional-politica","category-noticias-politicas","category-ultimas-noticias","tag-medvedev-rusia-rechaza-los-planes-intervencionistas-de-algunos-paises-que-apoyan-el-terrorismo"],"_links":{"self":[{"href":"https:\/\/archive.sana.sy\/es\/index.php?rest_route=\/wp\/v2\/posts\/38474"}],"collection":[{"href":"https:\/\/archive.sana.sy\/es\/index.php?rest_route=\/wp\/v2\/posts"}],"about":[{"href":"https:\/\/archive.sana.sy\/es\/index.php?rest_route=\/wp\/v2\/types\/post"}],"author":[{"embeddable":true,"href":"https:\/\/archive.sana.sy\/es\/index.php?rest_route=\/wp\/v2\/users\/1"}],"replies":[{"embeddable":true,"href":"https:\/\/archive.sana.sy\/es\/index.php?rest_route=%2Fwp%2Fv2%2Fcomments&post=38474"}],"version-history":[{"count":0,"href":"https:\/\/archive.sana.sy\/es\/index.php?rest_route=\/wp\/v2\/posts\/38474\/revisions"}],"wp:featuredmedia":[{"embeddable":true,"href":"https:\/\/archive.sana.sy\/es\/index.php?rest_route=\/wp\/v2\/media\/38475"}],"wp:attachment":[{"href":"https:\/\/archive.sana.sy\/es\/index.php?rest_route=%2Fwp%2Fv2%2Fmedia&parent=38474"}],"wp:term":[{"taxonomy":"category","embeddable":true,"href":"https:\/\/archive.sana.sy\/es\/index.php?rest_route=%2Fwp%2Fv2%2Fcategories&post=38474"},{"taxonomy":"post_tag","embeddable":true,"href":"https:\/\/archive.sana.sy\/es\/index.php?rest_route=%2Fwp%2Fv2%2Ftags&post=38474"}],"curies":[{"name":"wp","href":"https:\/\/api.w.org\/{rel}","templated":true}]}}