{"id":38477,"date":"2016-02-14T13:34:09","date_gmt":"2016-02-14T11:34:09","guid":{"rendered":"http:\/\/www.sana.sy\/es\/?p=38477"},"modified":"2016-02-14T13:34:09","modified_gmt":"2016-02-14T11:34:09","slug":"putin-afirma-a-su-homologo-obama-la-necesidad-de-la-formacion-de-un-frente-unido-contra-el-terrorismo-y-sin-dobles-raseros","status":"publish","type":"post","link":"https:\/\/archive.sana.sy\/es\/?p=38477","title":{"rendered":"Putin afirma a su hom\u00f3logo Obama\u00a0 la necesidad de la formaci\u00f3n de un frente unido contra el terrorismo y sin dobles raseros"},"content":{"rendered":"<p style=\"text-align: justify\"><span style=\"color: #800000\"><strong>Mosc\u00fa, SANA<\/strong><\/span><\/p>\n<p style=\"text-align: justify\"><strong>El presidente ruso Vladimir Putin,\u00a0 durante una llamada telef\u00f3nica con su hom\u00f3logo estadounidense Barack Obama, afirm\u00f3 la necesidad de la formaci\u00f3n de un frente unido para combatir al terrorismo, sin pol\u00edticas de doble rasero.<\/strong><\/p>\n<p style=\"text-align: justify\"><strong>Los dos mandatarios\u00a0 acordaron fortalecer la colaboraci\u00f3n bilateral para aplicar el acuerdo de M\u00fanich sobre Siria.<\/strong><\/p>\n<p style=\"text-align: justify\"><span style=\"color: #0000ff\">Hala B., Riad Sh.<\/span><\/p>\n","protected":false},"excerpt":{"rendered":"<p>Mosc\u00fa, SANA El presidente ruso Vladimir Putin,\u00a0 durante una llamada telef\u00f3nica con su hom\u00f3logo estadounidense Barack Obama, afirm\u00f3 la necesidad de la formaci\u00f3n de un frente unido para combatir al terrorismo, sin pol\u00edticas de doble rasero. Los dos mandatarios\u00a0 acordaron fortalecer la colaboraci\u00f3n bilateral para aplicar el acuerdo de M\u00fanich sobre Siria. Hala B., Riad &hellip;<\/p>\n","protected":false},"author":1,"featured_media":38478,"comment_status":"closed","ping_status":"closed","sticky":false,"template":"","format":"standard","meta":{"footnotes":""},"categories":[597,457,576,7541],"tags":[8023],"class_list":["post-38477","post","type-post","status-publish","format-standard","has-post-thumbnail","","category-cinta-de-noticias","category-noticias-arabe-internacional-politica","category-noticias-politicas","category-ultimas-noticias","tag-putin-afirma-a-su-homologo-obama-la-necesidad-de-la-formacion-de-un-frente-unido-contra-el-terrorismo-y-sin-dobles-raseros"],"_links":{"self":[{"href":"https:\/\/archive.sana.sy\/es\/index.php?rest_route=\/wp\/v2\/posts\/38477"}],"collection":[{"href":"https:\/\/archive.sana.sy\/es\/index.php?rest_route=\/wp\/v2\/posts"}],"about":[{"href":"https:\/\/archive.sana.sy\/es\/index.php?rest_route=\/wp\/v2\/types\/post"}],"author":[{"embeddable":true,"href":"https:\/\/archive.sana.sy\/es\/index.php?rest_route=\/wp\/v2\/users\/1"}],"replies":[{"embeddable":true,"href":"https:\/\/archive.sana.sy\/es\/index.php?rest_route=%2Fwp%2Fv2%2Fcomments&post=38477"}],"version-history":[{"count":0,"href":"https:\/\/archive.sana.sy\/es\/index.php?rest_route=\/wp\/v2\/posts\/38477\/revisions"}],"wp:featuredmedia":[{"embeddable":true,"href":"https:\/\/archive.sana.sy\/es\/index.php?rest_route=\/wp\/v2\/media\/38478"}],"wp:attachment":[{"href":"https:\/\/archive.sana.sy\/es\/index.php?rest_route=%2Fwp%2Fv2%2Fmedia&parent=38477"}],"wp:term":[{"taxonomy":"category","embeddable":true,"href":"https:\/\/archive.sana.sy\/es\/index.php?rest_route=%2Fwp%2Fv2%2Fcategories&post=38477"},{"taxonomy":"post_tag","embeddable":true,"href":"https:\/\/archive.sana.sy\/es\/index.php?rest_route=%2Fwp%2Fv2%2Ftags&post=38477"}],"curies":[{"name":"wp","href":"https:\/\/api.w.org\/{rel}","templated":true}]}}