{"id":38512,"date":"2016-02-14T15:57:21","date_gmt":"2016-02-14T13:57:21","guid":{"rendered":"http:\/\/www.sana.sy\/es\/?p=38512"},"modified":"2023-01-10T15:29:03","modified_gmt":"2023-01-10T13:29:03","slug":"la-exposicion-modatex-de-moda-y-productos-de-piel-comienza-el-24-de-febrero-en-el-hotel-dama-rose","status":"publish","type":"post","link":"https:\/\/archive.sana.sy\/es\/?p=38512","title":{"rendered":"La exposici\u00f3n Modatex de Moda y Productos de Piel comienza el 24 de febrero en el Hotel Dama Rose"},"content":{"rendered":"<p><span style=\"color: #800000\">Damasco, SANA<\/span><\/p>\n<p>El d\u00eda 24 del mes en curso comienzan en el Hotel Dama Rose las actividades de la 4ta exposici\u00f3n especializada en el mundo de la moda y los productos de piel Modatex con el apoyo de la Federaci\u00f3n de los Exportadores Sirios, el Estamento de Promoci\u00f3n de Exportaciones Sirias y la Federaci\u00f3n de las C\u00e1maras de Industria Siria, y con la participaci\u00f3n de un n\u00famero de empresas productoras de ropa y pieles.<\/p>\n<p>El presidente de la Federaci\u00f3n de Exportadores, Mohammad al-Sawah dijo en una declaraci\u00f3n a la prensa que esta exposici\u00f3n especializada en el mundo de la moda y los productos de piel dentro de Siria comenz\u00f3 el pasado a\u00f1o cuando se realizaron dos promociones, dos en Damasco y una en Latakia, aludiendo que estas ferias lograron grandes \u00e9xitos y contribuyeron a activar el mercado interno que junto a la exportaci\u00f3n reaniman las f\u00e1bricas.<\/p>\n<p>Al-Sawah puso de relieve que la Federaci\u00f3n contin\u00faa apoyando el proceso de exportaci\u00f3n mediante la realizaci\u00f3n de exposiciones en el exterior como SyriaMod que alcanz\u00f3 un gran \u00e9xito en ventas y n\u00famero de visitantes especialmente del hermano Irak.<\/p>\n<p>El funcionario hizo alusi\u00f3n a que la Federaci\u00f3n de Exportadores ejerce grandes esfuerzos por incrementar las exportaciones sirias hacia Ir\u00e1n y Rusia mediante la suscripci\u00f3n de nuevos convenios por facilitar el intercambio comercial y poner en vigor las eximiciones acordadas en otros periodos, sobre todo con Ir\u00e1n, y vaticin\u00f3 que las exportaciones sirias dar\u00edan un gran salto durante el actual a\u00f1o.<\/p>\n<p>&nbsp;<\/p>\n<p>&nbsp;<\/p>\n<p>Riyad Sh., Lynn A.<\/p>\n","protected":false},"excerpt":{"rendered":"<p>Damasco, SANA El d\u00eda 24 del mes en curso comienzan en el Hotel Dama Rose las actividades de la 4ta exposici\u00f3n especializada en el mundo de la moda y los productos de piel Modatex con el apoyo de la Federaci\u00f3n de los Exportadores Sirios, el Estamento de Promoci\u00f3n de Exportaciones Sirias y la Federaci\u00f3n de &hellip;<\/p>\n","protected":false},"author":24,"featured_media":38513,"comment_status":"closed","ping_status":"closed","sticky":false,"template":"","format":"standard","meta":{"footnotes":""},"categories":[447,485],"tags":[],"class_list":["post-38512","post","type-post","status-publish","format-standard","has-post-thumbnail","","category-local-politica","category-informes-negocios-y-finanzas"],"_links":{"self":[{"href":"https:\/\/archive.sana.sy\/es\/index.php?rest_route=\/wp\/v2\/posts\/38512"}],"collection":[{"href":"https:\/\/archive.sana.sy\/es\/index.php?rest_route=\/wp\/v2\/posts"}],"about":[{"href":"https:\/\/archive.sana.sy\/es\/index.php?rest_route=\/wp\/v2\/types\/post"}],"author":[{"embeddable":true,"href":"https:\/\/archive.sana.sy\/es\/index.php?rest_route=\/wp\/v2\/users\/24"}],"replies":[{"embeddable":true,"href":"https:\/\/archive.sana.sy\/es\/index.php?rest_route=%2Fwp%2Fv2%2Fcomments&post=38512"}],"version-history":[{"count":0,"href":"https:\/\/archive.sana.sy\/es\/index.php?rest_route=\/wp\/v2\/posts\/38512\/revisions"}],"wp:featuredmedia":[{"embeddable":true,"href":"https:\/\/archive.sana.sy\/es\/index.php?rest_route=\/wp\/v2\/media\/38513"}],"wp:attachment":[{"href":"https:\/\/archive.sana.sy\/es\/index.php?rest_route=%2Fwp%2Fv2%2Fmedia&parent=38512"}],"wp:term":[{"taxonomy":"category","embeddable":true,"href":"https:\/\/archive.sana.sy\/es\/index.php?rest_route=%2Fwp%2Fv2%2Fcategories&post=38512"},{"taxonomy":"post_tag","embeddable":true,"href":"https:\/\/archive.sana.sy\/es\/index.php?rest_route=%2Fwp%2Fv2%2Ftags&post=38512"}],"curies":[{"name":"wp","href":"https:\/\/api.w.org\/{rel}","templated":true}]}}