{"id":38530,"date":"2016-02-14T12:27:22","date_gmt":"2016-02-14T10:27:22","guid":{"rendered":"http:\/\/www.sana.sy\/es\/?p=38530"},"modified":"2016-02-14T20:47:08","modified_gmt":"2016-02-14T18:47:08","slug":"iran-verborrea-sobre-el-envio-de-tropas-saudies-y-turcas-al-territorio-sirio-es-mero-alboroto-politico","status":"publish","type":"post","link":"https:\/\/archive.sana.sy\/es\/?p=38530","title":{"rendered":"Ir\u00e1n: verborrea sobre el env\u00edo de tropas saud\u00edes y turcas al territorio sirio es mero alboroto pol\u00edtico"},"content":{"rendered":"<p><span style=\"color: #800000\">Teher\u00e1n, SANA<\/span><\/p>\n<p>El vicejefe del Estado Mayor de las Fuerzas Armadas de Ir\u00e1n, general de brigada Massoud Jazayeri advirti\u00f3 que el verborrea sobre el env\u00edo de tropas saud\u00edes y turcas al territorio sirio so pretexto de combatir la organizaci\u00f3n terrorista de Daesh es \u201cmero alboroto pol\u00edtico\u201d y \u201cuna guerra psicol\u00f3gica\u201d contra el pueblo sirio.<\/p>\n<p>En declaraciones concedidas al canal al-Alam, el alto mando militar iran\u00ed enfatiz\u00f3 que su pa\u00eds no permitir\u00e1 que las cosas anden en Siria al antojo de los pa\u00edses viles, y tomar\u00e1 todas las medidas necesarias en el tiempo oportuno.<\/p>\n<p>El general de brigada Jazayeri se\u00f1al\u00f3 que la crisis en Siria se solucionar\u00eda por la v\u00eda pol\u00edtica, sin embargo las fuerzas hegem\u00f3nicas no desean una soluci\u00f3n justa y equilibrada, para ello la resistencia del pueblo y el gobierno sirios es el \u00fanico camino hacia la victoria.<\/p>\n<p>Jazayeri expres\u00f3 el orgullo de su pa\u00eds de apoyar a los movimientos de resistencia y al pueblo sirio para que puedan defenderse, asegurando que Occidente no alcanzar\u00e1 sus metas en Siria, pese a los cr\u00edmenes cometidos por las organizaciones terroristas.<\/p>\n<p>Asimismo hizo alusi\u00f3n a la plena coordinaci\u00f3n de posturas entre Ir\u00e1n y Rusia en los niveles pol\u00edtico y militar, reiterando el apoyo de su pa\u00eds al papel de Mosc\u00fa en el escenario sirio.<\/p>\n<p>Anteriormente, el general Farzad Esmaili,\u00a0comandante de la Base de Defensa Antia\u00e9rea Jatam Al-Anbia del Ej\u00e9rcito iran\u00ed destac\u00f3 que el env\u00edo de fuerzas a Siria terminar\u00e1 en fracaso sin la coordinaci\u00f3n con su leg\u00edtimo gobierno, aseverando que Arabia Saudita que pretende enviar sus fuerzas a Siria debe dejar de intervenir en Yemen y de cometer masacres contra los ni\u00f1os.<\/p>\n<p>&nbsp;<\/p>\n<p>&nbsp;<\/p>\n<p>Lynn A., Riyad Sh.<\/p>\n","protected":false},"excerpt":{"rendered":"<p>Teher\u00e1n, SANA El vicejefe del Estado Mayor de las Fuerzas Armadas de Ir\u00e1n, general de brigada Massoud Jazayeri advirti\u00f3 que el verborrea sobre el env\u00edo de tropas saud\u00edes y turcas al territorio sirio so pretexto de combatir la organizaci\u00f3n terrorista de Daesh es \u201cmero alboroto pol\u00edtico\u201d y \u201cuna guerra psicol\u00f3gica\u201d contra el pueblo sirio. En &hellip;<\/p>\n","protected":false},"author":24,"featured_media":38531,"comment_status":"closed","ping_status":"closed","sticky":false,"template":"","format":"standard","meta":{"footnotes":""},"categories":[467,583,7541],"tags":[],"class_list":["post-38530","post","type-post","status-publish","format-standard","has-post-thumbnail","","category-siria-y-el-mundo","category-slide","category-ultimas-noticias"],"_links":{"self":[{"href":"https:\/\/archive.sana.sy\/es\/index.php?rest_route=\/wp\/v2\/posts\/38530"}],"collection":[{"href":"https:\/\/archive.sana.sy\/es\/index.php?rest_route=\/wp\/v2\/posts"}],"about":[{"href":"https:\/\/archive.sana.sy\/es\/index.php?rest_route=\/wp\/v2\/types\/post"}],"author":[{"embeddable":true,"href":"https:\/\/archive.sana.sy\/es\/index.php?rest_route=\/wp\/v2\/users\/24"}],"replies":[{"embeddable":true,"href":"https:\/\/archive.sana.sy\/es\/index.php?rest_route=%2Fwp%2Fv2%2Fcomments&post=38530"}],"version-history":[{"count":0,"href":"https:\/\/archive.sana.sy\/es\/index.php?rest_route=\/wp\/v2\/posts\/38530\/revisions"}],"wp:featuredmedia":[{"embeddable":true,"href":"https:\/\/archive.sana.sy\/es\/index.php?rest_route=\/wp\/v2\/media\/38531"}],"wp:attachment":[{"href":"https:\/\/archive.sana.sy\/es\/index.php?rest_route=%2Fwp%2Fv2%2Fmedia&parent=38530"}],"wp:term":[{"taxonomy":"category","embeddable":true,"href":"https:\/\/archive.sana.sy\/es\/index.php?rest_route=%2Fwp%2Fv2%2Fcategories&post=38530"},{"taxonomy":"post_tag","embeddable":true,"href":"https:\/\/archive.sana.sy\/es\/index.php?rest_route=%2Fwp%2Fv2%2Ftags&post=38530"}],"curies":[{"name":"wp","href":"https:\/\/api.w.org\/{rel}","templated":true}]}}