{"id":38557,"date":"2016-02-15T18:49:58","date_gmt":"2016-02-15T16:49:58","guid":{"rendered":"http:\/\/www.sana.sy\/es\/?p=38557"},"modified":"2016-02-15T20:10:43","modified_gmt":"2016-02-15T18:10:43","slug":"cancilleria-de-iran-cualquiera-injerencia-extranjera-en-siria-tendra-graves-consecuencias-en-la-region-y-el-mundo","status":"publish","type":"post","link":"https:\/\/archive.sana.sy\/es\/?p=38557","title":{"rendered":"Canciller\u00eda de Ir\u00e1n: Cualquiera injerencia extranjera en Siria tendr\u00e1 graves consecuencias en la regi\u00f3n y el mundo"},"content":{"rendered":"<p>Teher\u00e1n-SANA<\/p>\n<p>El portavoz de la Canciller\u00eda iran\u00ed, Husein Yaber Ansari ha advertido de que cualquiera injerencia extranjera en Siria sin una coordinaci\u00f3n previa con el gobierno sirio complicar\u00eda a\u00fan m\u00e1s la crisis en este pa\u00eds as\u00ed como tendr\u00e1 graves consecuencias en la regi\u00f3n y el mundo, adem\u00e1s de fortalecer el terrorismo y las organizaciones terroristas.<\/p>\n<p>\u201cLa continuaci\u00f3n de estas pol\u00edticas [injerencistas] empeorar\u00e1 la crisis y causar\u00e1 que la situaci\u00f3n en Siria se salga a\u00fan m\u00e1s de control, lo que traer\u00e1 graves consecuencias a nivel internacional y regional, por lo que esperamos que todos los pa\u00edses, antes de actuar, consideren estos riesgos\u201d, ha dicho el diplom\u00e1tico iran\u00ed en una conferencia de prensa celebrada en la capital de Ir\u00e1n, Teher\u00e1n.<\/p>\n<p>Sobre las v\u00edas de solventar la crisis de Siria, Ansari dijo que su pa\u00eds ha insistido en repetidas ocasiones, en que la definici\u00f3n de las organizaciones terroristas ha de ser una cuesti\u00f3n prioritaria en las reuniones de Viena y M\u00fanich.<\/p>\n<p>Yamil K.<\/p>\n","protected":false},"excerpt":{"rendered":"<p>Teher\u00e1n-SANA El portavoz de la Canciller\u00eda iran\u00ed, Husein Yaber Ansari ha advertido de que cualquiera injerencia extranjera en Siria sin una coordinaci\u00f3n previa con el gobierno sirio complicar\u00eda a\u00fan m\u00e1s la crisis en este pa\u00eds as\u00ed como tendr\u00e1 graves consecuencias en la regi\u00f3n y el mundo, adem\u00e1s de fortalecer el terrorismo y las organizaciones terroristas. &hellip;<\/p>\n","protected":false},"author":1,"featured_media":38558,"comment_status":"closed","ping_status":"closed","sticky":false,"template":"","format":"standard","meta":{"footnotes":""},"categories":[456,457,576,583,7541],"tags":[],"class_list":["post-38557","post","type-post","status-publish","format-standard","has-post-thumbnail","","category-arabe-internacional-politica","category-noticias-arabe-internacional-politica","category-noticias-politicas","category-slide","category-ultimas-noticias"],"_links":{"self":[{"href":"https:\/\/archive.sana.sy\/es\/index.php?rest_route=\/wp\/v2\/posts\/38557"}],"collection":[{"href":"https:\/\/archive.sana.sy\/es\/index.php?rest_route=\/wp\/v2\/posts"}],"about":[{"href":"https:\/\/archive.sana.sy\/es\/index.php?rest_route=\/wp\/v2\/types\/post"}],"author":[{"embeddable":true,"href":"https:\/\/archive.sana.sy\/es\/index.php?rest_route=\/wp\/v2\/users\/1"}],"replies":[{"embeddable":true,"href":"https:\/\/archive.sana.sy\/es\/index.php?rest_route=%2Fwp%2Fv2%2Fcomments&post=38557"}],"version-history":[{"count":0,"href":"https:\/\/archive.sana.sy\/es\/index.php?rest_route=\/wp\/v2\/posts\/38557\/revisions"}],"wp:featuredmedia":[{"embeddable":true,"href":"https:\/\/archive.sana.sy\/es\/index.php?rest_route=\/wp\/v2\/media\/38558"}],"wp:attachment":[{"href":"https:\/\/archive.sana.sy\/es\/index.php?rest_route=%2Fwp%2Fv2%2Fmedia&parent=38557"}],"wp:term":[{"taxonomy":"category","embeddable":true,"href":"https:\/\/archive.sana.sy\/es\/index.php?rest_route=%2Fwp%2Fv2%2Fcategories&post=38557"},{"taxonomy":"post_tag","embeddable":true,"href":"https:\/\/archive.sana.sy\/es\/index.php?rest_route=%2Fwp%2Fv2%2Ftags&post=38557"}],"curies":[{"name":"wp","href":"https:\/\/api.w.org\/{rel}","templated":true}]}}