{"id":38567,"date":"2016-02-15T20:10:18","date_gmt":"2016-02-15T18:10:18","guid":{"rendered":"http:\/\/www.sana.sy\/es\/?p=38567"},"modified":"2016-02-15T20:10:18","modified_gmt":"2016-02-15T18:10:18","slug":"siria-e-iran-examinan-relaciones-bilaterales-en-varios-campos","status":"publish","type":"post","link":"https:\/\/archive.sana.sy\/es\/?p=38567","title":{"rendered":"Siria e Ir\u00e1n examinan relaciones bilaterales en varios campos"},"content":{"rendered":"<p>Damasco-SANA<\/p>\n<p>El primer ministro Wael Halaki examin\u00f3 con el jefe de la organizaci\u00f3n de Asuntos religiosos \u00a8Awqaf\u00a8 y de Asuntos de caridad de Ir\u00e1n Ali Mohammadi la posibilidad de aumentar la cooperaci\u00f3n entre Siria e Ir\u00e1n, principalmente en los sectores culturales y cient\u00edficos.<\/p>\n<p>Las dos partes discutieron la firma de nuevos acuerdos de cooperaci\u00f3n en este sentido, adem\u00e1s de examinar los medios para desarrollar el turismo religioso entre ambos pa\u00edses.<\/p>\n<p>Halaki afirm\u00f3 que los lazos culturales, intelectuales y religiosos entre ambos pueblos sirio e iran\u00ed, han contribuido a fortalecer las relaciones hist\u00f3ricas y pol\u00edticas entre los dos pa\u00edses.<\/p>\n<p>Reafirm\u00f3 que solo los sirios podr\u00e1n resolver la crisis que presencia Siria, sin ninguna interferencia o dictados externos, elogiando al mismo tiempo la postura iran\u00ed hacia Siria.<\/p>\n<p>Por su parte, Mohammadi reiter\u00f3 el apoyo del pueblo iran\u00ed al pueblo y liderazgo de Siria de cara a la guerra terrorista desatada en su contra, se\u00f1alando que esta guerra apunta contra el Islam y busca socavar la seguridad de toda la regi\u00f3n.<\/p>\n<p><span style=\"color: #0000ff\">Laham: El destino de nuestros pueblos depende de la firmeza del eje de la resistencia<\/span><\/p>\n<p>El presidente del Consejo del Pueblo Jihad Laham destac\u00f3 el papel de la relaci\u00f3n estrat\u00e9gica existente entre los pa\u00edses del eje de la resistencia en lograr la seguridad y la estabilidad en la regi\u00f3n.<\/p>\n<p><strong><\/strong><img loading=\"lazy\" decoding=\"async\" class=\"alignnone size-medium wp-image-38569\" src=\"http:\/\/www.sana.sy\/es\/wp-content\/uploads\/2016\/02\/laham-300x150.jpg\" alt=\"laham\" width=\"300\" height=\"150\" srcset=\"https:\/\/archive.sana.sy\/es\/wp-content\/uploads\/2016\/02\/laham-300x150.jpg 300w, https:\/\/archive.sana.sy\/es\/wp-content\/uploads\/2016\/02\/laham-150x75.jpg 150w, https:\/\/archive.sana.sy\/es\/wp-content\/uploads\/2016\/02\/laham.jpg 660w\" sizes=\"(max-width: 300px) 100vw, 300px\" \/><\/p>\n<p>Durante una reuni\u00f3n con Ali Mohammadi, jefe de la organizaci\u00f3n de Asuntos religiosos \u00a8Awqaf\u00a8 y de Asuntos de caridad de Ir\u00e1n, Laham dijo que \u00a8el destino de nuestros pueblos depende de la firmeza del eje de la resistencia y su capacidad de hacer frente a los desaf\u00edos tanto en el terreno como en lo pol\u00edtico.<\/p>\n<p>A su vez, Mohammadi alab\u00f3 las victorias alcanzadas por el Ej\u00e9rcito \u00c1rabe Siria contra el terrorismo y sus patrocinadores.<\/p>\n<p>Mientras tanto, el ministro de Awqaf, Mohammad Abdul-Sattar al-Sayyed ha destacado durante su reuni\u00f3n con Mohammadi la importancia de promover la unidad isl\u00e1mica para hacer frente a los pensamientos wahab\u00ed Takfiris.<\/p>\n<p>Yamil K.<\/p>\n","protected":false},"excerpt":{"rendered":"<p>Damasco-SANA El primer ministro Wael Halaki examin\u00f3 con el jefe de la organizaci\u00f3n de Asuntos religiosos \u00a8Awqaf\u00a8 y de Asuntos de caridad de Ir\u00e1n Ali Mohammadi la posibilidad de aumentar la cooperaci\u00f3n entre Siria e Ir\u00e1n, principalmente en los sectores culturales y cient\u00edficos. Las dos partes discutieron la firma de nuevos acuerdos de cooperaci\u00f3n en &hellip;<\/p>\n","protected":false},"author":1,"featured_media":38568,"comment_status":"closed","ping_status":"closed","sticky":false,"template":"","format":"standard","meta":{"footnotes":""},"categories":[477,476,583,7541],"tags":[],"class_list":["post-38567","post","type-post","status-publish","format-standard","has-post-thumbnail","","category-noticias-edulcorantes","category-locales","category-slide","category-ultimas-noticias"],"_links":{"self":[{"href":"https:\/\/archive.sana.sy\/es\/index.php?rest_route=\/wp\/v2\/posts\/38567"}],"collection":[{"href":"https:\/\/archive.sana.sy\/es\/index.php?rest_route=\/wp\/v2\/posts"}],"about":[{"href":"https:\/\/archive.sana.sy\/es\/index.php?rest_route=\/wp\/v2\/types\/post"}],"author":[{"embeddable":true,"href":"https:\/\/archive.sana.sy\/es\/index.php?rest_route=\/wp\/v2\/users\/1"}],"replies":[{"embeddable":true,"href":"https:\/\/archive.sana.sy\/es\/index.php?rest_route=%2Fwp%2Fv2%2Fcomments&post=38567"}],"version-history":[{"count":0,"href":"https:\/\/archive.sana.sy\/es\/index.php?rest_route=\/wp\/v2\/posts\/38567\/revisions"}],"wp:featuredmedia":[{"embeddable":true,"href":"https:\/\/archive.sana.sy\/es\/index.php?rest_route=\/wp\/v2\/media\/38568"}],"wp:attachment":[{"href":"https:\/\/archive.sana.sy\/es\/index.php?rest_route=%2Fwp%2Fv2%2Fmedia&parent=38567"}],"wp:term":[{"taxonomy":"category","embeddable":true,"href":"https:\/\/archive.sana.sy\/es\/index.php?rest_route=%2Fwp%2Fv2%2Fcategories&post=38567"},{"taxonomy":"post_tag","embeddable":true,"href":"https:\/\/archive.sana.sy\/es\/index.php?rest_route=%2Fwp%2Fv2%2Ftags&post=38567"}],"curies":[{"name":"wp","href":"https:\/\/api.w.org\/{rel}","templated":true}]}}