{"id":38630,"date":"2016-02-16T18:10:31","date_gmt":"2016-02-16T16:10:31","guid":{"rendered":"http:\/\/www.sana.sy\/es\/?p=38630"},"modified":"2023-01-10T15:29:03","modified_gmt":"2023-01-10T13:29:03","slug":"al-halqui-aborda-con-vicepresidente-irani-desarrollo-de-las-relaciones-economicas","status":"publish","type":"post","link":"https:\/\/archive.sana.sy\/es\/?p=38630","title":{"rendered":"Al-Halqui aborda con Vicepresidente iran\u00ed desarrollo de las relaciones bilaterales en todas las \u00e1reas"},"content":{"rendered":"<p><span style=\"color: #800000\">Damasco, SANA<\/span><\/p>\n<p>El primer ministro, Wael al-Halqui examin\u00f3 hoy el martes por tel\u00e9fono con el vicepresidente de la Rep\u00fablica Isl\u00e1mica de Ir\u00e1n, Eshaq Jahangiri las relaciones bilaterales en todos los campos, especialmente los econ\u00f3micos y comerciales, as\u00ed como las medidas tomadas por el pa\u00eds amigo para responder a las necesidades del pueblo sirio, entre ellas las sanitarias y alimentarias.<\/p>\n<p>Jahangiri destac\u00f3 el inter\u00e9s de su pa\u00eds en apoyar al pueblo sirio y a su liderazgo frente a la guerra terrorista y aliviar el\u00a0impacto del injusto bloqueo econ\u00f3mico impuesto sobre Siria.<\/p>\n<p>Asimismo ensalz\u00f3 los avances logrados por el ej\u00e9rcito sirio y la capacidad del gobierno sirio en afrontar los retos econ\u00f3micos que atestigua su pa\u00eds.<\/p>\n<p>Por su parte, el jefe del Gabinete sirio felicit\u00f3 al pueblo iran\u00ed por el 37 aniversario de la victoria de la Revoluci\u00f3n Isl\u00e1mica de Ir\u00e1n, que convirti\u00f3 al pa\u00eds persa en un actor regional de trascendente papel en materia del reforzamiento de la estabilidad en Oriente Medio.<\/p>\n<p>Apreci\u00f3 altamente el apoyo brindado por Ir\u00e1n al pueblo sirio en su guerra contra el terrorismo, aseverando que el eje de la resistencia es el que cantar\u00e1 victoria al final.<\/p>\n<p>&nbsp;<\/p>\n<p>Lynn A.<\/p>\n","protected":false},"excerpt":{"rendered":"<p>Damasco, SANA El primer ministro, Wael al-Halqui examin\u00f3 hoy el martes por tel\u00e9fono con el vicepresidente de la Rep\u00fablica Isl\u00e1mica de Ir\u00e1n, Eshaq Jahangiri las relaciones bilaterales en todos los campos, especialmente los econ\u00f3micos y comerciales, as\u00ed como las medidas tomadas por el pa\u00eds amigo para responder a las necesidades del pueblo sirio, entre ellas &hellip;<\/p>\n","protected":false},"author":24,"featured_media":26483,"comment_status":"closed","ping_status":"closed","sticky":false,"template":"","format":"standard","meta":{"footnotes":""},"categories":[477,447,485,476,7541],"tags":[],"class_list":["post-38630","post","type-post","status-publish","format-standard","has-post-thumbnail","","category-noticias-edulcorantes","category-local-politica","category-informes-negocios-y-finanzas","category-locales","category-ultimas-noticias"],"_links":{"self":[{"href":"https:\/\/archive.sana.sy\/es\/index.php?rest_route=\/wp\/v2\/posts\/38630"}],"collection":[{"href":"https:\/\/archive.sana.sy\/es\/index.php?rest_route=\/wp\/v2\/posts"}],"about":[{"href":"https:\/\/archive.sana.sy\/es\/index.php?rest_route=\/wp\/v2\/types\/post"}],"author":[{"embeddable":true,"href":"https:\/\/archive.sana.sy\/es\/index.php?rest_route=\/wp\/v2\/users\/24"}],"replies":[{"embeddable":true,"href":"https:\/\/archive.sana.sy\/es\/index.php?rest_route=%2Fwp%2Fv2%2Fcomments&post=38630"}],"version-history":[{"count":0,"href":"https:\/\/archive.sana.sy\/es\/index.php?rest_route=\/wp\/v2\/posts\/38630\/revisions"}],"wp:featuredmedia":[{"embeddable":true,"href":"https:\/\/archive.sana.sy\/es\/index.php?rest_route=\/wp\/v2\/media\/26483"}],"wp:attachment":[{"href":"https:\/\/archive.sana.sy\/es\/index.php?rest_route=%2Fwp%2Fv2%2Fmedia&parent=38630"}],"wp:term":[{"taxonomy":"category","embeddable":true,"href":"https:\/\/archive.sana.sy\/es\/index.php?rest_route=%2Fwp%2Fv2%2Fcategories&post=38630"},{"taxonomy":"post_tag","embeddable":true,"href":"https:\/\/archive.sana.sy\/es\/index.php?rest_route=%2Fwp%2Fv2%2Ftags&post=38630"}],"curies":[{"name":"wp","href":"https:\/\/api.w.org\/{rel}","templated":true}]}}