{"id":38673,"date":"2016-02-17T15:27:01","date_gmt":"2016-02-17T13:27:01","guid":{"rendered":"http:\/\/www.sana.sy\/es\/?p=38673"},"modified":"2016-02-17T15:27:01","modified_gmt":"2016-02-17T13:27:01","slug":"mueren-dos-iraquies-en-atentado-terrorista-en-bagdad","status":"publish","type":"post","link":"https:\/\/archive.sana.sy\/es\/?p=38673","title":{"rendered":"Mueren dos iraqu\u00edes en atentado terrorista en Bagdad"},"content":{"rendered":"<p style=\"text-align: justify\"><span style=\"color: #800000\">Bagdad, SANA<\/span><\/p>\n<p style=\"text-align: justify\">Dos iraqu\u00edes murieron y otros cinco resultaron heridos en un atentado terrorista con artefacto explosivo improvisado en la zona de Madayen al sureste de Bagdad.<\/p>\n<p style=\"text-align: justify\">Por otra parte, una fuente en la comandancia de operaciones conjuntas anunci\u00f3 que las fuerzas de seguridad mataron al pr\u00edncipe de Karma en la organizaci\u00f3n terrorista del Estado Isl\u00e1mico el llamado Abu Omar al-Lahibi al norte de Faluya en la provincia de Anbar, y tambi\u00e9n eliminaron al responsable del batall\u00f3n de bombas del EI.<\/p>\n<p style=\"text-align: justify\">Por su parte, una fuente de seguridad en Anbar anunci\u00f3 que el responsable de prensa del EI, Muhammad Salman Skr, se entreg\u00f3 a las fuerzas de seguridad en la provincia.<strong>ady M<\/strong><\/p>\n<p style=\"text-align: justify\"><span style=\"color: #0000ff\">Fady M., Hala B.<\/span><\/p>\n","protected":false},"excerpt":{"rendered":"<p>Bagdad, SANA Dos iraqu\u00edes murieron y otros cinco resultaron heridos en un atentado terrorista con artefacto explosivo improvisado en la zona de Madayen al sureste de Bagdad. Por otra parte, una fuente en la comandancia de operaciones conjuntas anunci\u00f3 que las fuerzas de seguridad mataron al pr\u00edncipe de Karma en la organizaci\u00f3n terrorista del Estado &hellip;<\/p>\n","protected":false},"author":1,"featured_media":38674,"comment_status":"closed","ping_status":"closed","sticky":false,"template":"","format":"standard","meta":{"footnotes":""},"categories":[597,456,576],"tags":[],"class_list":["post-38673","post","type-post","status-publish","format-standard","has-post-thumbnail","","category-cinta-de-noticias","category-arabe-internacional-politica","category-noticias-politicas"],"_links":{"self":[{"href":"https:\/\/archive.sana.sy\/es\/index.php?rest_route=\/wp\/v2\/posts\/38673"}],"collection":[{"href":"https:\/\/archive.sana.sy\/es\/index.php?rest_route=\/wp\/v2\/posts"}],"about":[{"href":"https:\/\/archive.sana.sy\/es\/index.php?rest_route=\/wp\/v2\/types\/post"}],"author":[{"embeddable":true,"href":"https:\/\/archive.sana.sy\/es\/index.php?rest_route=\/wp\/v2\/users\/1"}],"replies":[{"embeddable":true,"href":"https:\/\/archive.sana.sy\/es\/index.php?rest_route=%2Fwp%2Fv2%2Fcomments&post=38673"}],"version-history":[{"count":0,"href":"https:\/\/archive.sana.sy\/es\/index.php?rest_route=\/wp\/v2\/posts\/38673\/revisions"}],"wp:featuredmedia":[{"embeddable":true,"href":"https:\/\/archive.sana.sy\/es\/index.php?rest_route=\/wp\/v2\/media\/38674"}],"wp:attachment":[{"href":"https:\/\/archive.sana.sy\/es\/index.php?rest_route=%2Fwp%2Fv2%2Fmedia&parent=38673"}],"wp:term":[{"taxonomy":"category","embeddable":true,"href":"https:\/\/archive.sana.sy\/es\/index.php?rest_route=%2Fwp%2Fv2%2Fcategories&post=38673"},{"taxonomy":"post_tag","embeddable":true,"href":"https:\/\/archive.sana.sy\/es\/index.php?rest_route=%2Fwp%2Fv2%2Ftags&post=38673"}],"curies":[{"name":"wp","href":"https:\/\/api.w.org\/{rel}","templated":true}]}}