{"id":38676,"date":"2016-02-17T15:36:26","date_gmt":"2016-02-17T13:36:26","guid":{"rendered":"http:\/\/www.sana.sy\/es\/?p=38676"},"modified":"2016-02-17T15:36:26","modified_gmt":"2016-02-17T13:36:26","slug":"gatilov-la-comision-sobre-el-cese-de-hostilidades-en-siria-se-reune-el-proximo-viernes","status":"publish","type":"post","link":"https:\/\/archive.sana.sy\/es\/?p=38676","title":{"rendered":"Gatilov: la Comisi\u00f3n sobre el cese de hostilidades en Siria se re\u00fane el pr\u00f3ximo viernes"},"content":{"rendered":"<p style=\"text-align: justify\"><span style=\"color: #800000\">Mosc\u00fa, SANA<\/span><\/p>\n<p style=\"text-align: justify\">El vicecanciller ruso Gennady Gatilov declar\u00f3 que la comisi\u00f3n relativa al cese de las hostilidades en Siria se reunir\u00e1 el pr\u00f3ximo viernes con la participaci\u00f3n de expertos de Rusia, EE.UU. y otros pa\u00edses.<\/p>\n<p style=\"text-align: justify\">Gatilov indic\u00f3 que el equipo a cargo del seguimiento de la introducci\u00f3n de ayuda humanitaria a las zonas sitiadas mantendr\u00e1 otra reuni\u00f3n el pr\u00f3ximo viernes con el fin de discutir los procedimientos pr\u00e1cticos para la entrega de ayuda al pueblo sirio.<\/p>\n<p style=\"text-align: justify\">El vicecanciller ruso explic\u00f3 que la cuesti\u00f3n de organizar el lanzamiento de la ayuda humanitaria a la poblaci\u00f3n de Deir Ezzor est\u00e1 bajo estudio, indicando que la Organizaci\u00f3n Mundial de Alimentos est\u00e1 lista para comenzar una operaci\u00f3n importante en cooperaci\u00f3n con una compa\u00f1\u00eda a\u00e9rea rusa.<\/p>\n<p style=\"text-align: justify\">Comentando sobre el llamado de la canciller alemana, Angela Merkel, para establecer una zona de seguridad en Siria, Gatilov dijo: No podemos aceptar cualquier decisi\u00f3n sobre el establecimiento de zona de exclusi\u00f3n a\u00e9rea sin la aprobaci\u00f3n del gobierno sirio y el Consejo de Seguridad de la ONU<\/p>\n<p style=\"text-align: justify\"><span style=\"color: #0000ff\"><strong>Fady M., Hala B.<\/strong><\/span><\/p>\n","protected":false},"excerpt":{"rendered":"<p>Mosc\u00fa, SANA El vicecanciller ruso Gennady Gatilov declar\u00f3 que la comisi\u00f3n relativa al cese de las hostilidades en Siria se reunir\u00e1 el pr\u00f3ximo viernes con la participaci\u00f3n de expertos de Rusia, EE.UU. y otros pa\u00edses. Gatilov indic\u00f3 que el equipo a cargo del seguimiento de la introducci\u00f3n de ayuda humanitaria a las zonas sitiadas mantendr\u00e1 &hellip;<\/p>\n","protected":false},"author":1,"featured_media":38677,"comment_status":"closed","ping_status":"closed","sticky":false,"template":"","format":"standard","meta":{"footnotes":""},"categories":[597,576,7541],"tags":[8042],"class_list":["post-38676","post","type-post","status-publish","format-standard","has-post-thumbnail","","category-cinta-de-noticias","category-noticias-politicas","category-ultimas-noticias","tag-gatilov-la-comision-sobre-el-cese-de-hostilidades-en-siria-se-reune-el-proximo-viernes"],"_links":{"self":[{"href":"https:\/\/archive.sana.sy\/es\/index.php?rest_route=\/wp\/v2\/posts\/38676"}],"collection":[{"href":"https:\/\/archive.sana.sy\/es\/index.php?rest_route=\/wp\/v2\/posts"}],"about":[{"href":"https:\/\/archive.sana.sy\/es\/index.php?rest_route=\/wp\/v2\/types\/post"}],"author":[{"embeddable":true,"href":"https:\/\/archive.sana.sy\/es\/index.php?rest_route=\/wp\/v2\/users\/1"}],"replies":[{"embeddable":true,"href":"https:\/\/archive.sana.sy\/es\/index.php?rest_route=%2Fwp%2Fv2%2Fcomments&post=38676"}],"version-history":[{"count":0,"href":"https:\/\/archive.sana.sy\/es\/index.php?rest_route=\/wp\/v2\/posts\/38676\/revisions"}],"wp:featuredmedia":[{"embeddable":true,"href":"https:\/\/archive.sana.sy\/es\/index.php?rest_route=\/wp\/v2\/media\/38677"}],"wp:attachment":[{"href":"https:\/\/archive.sana.sy\/es\/index.php?rest_route=%2Fwp%2Fv2%2Fmedia&parent=38676"}],"wp:term":[{"taxonomy":"category","embeddable":true,"href":"https:\/\/archive.sana.sy\/es\/index.php?rest_route=%2Fwp%2Fv2%2Fcategories&post=38676"},{"taxonomy":"post_tag","embeddable":true,"href":"https:\/\/archive.sana.sy\/es\/index.php?rest_route=%2Fwp%2Fv2%2Ftags&post=38676"}],"curies":[{"name":"wp","href":"https:\/\/api.w.org\/{rel}","templated":true}]}}