{"id":38687,"date":"2016-02-17T16:38:00","date_gmt":"2016-02-17T14:38:00","guid":{"rendered":"http:\/\/www.sana.sy\/es\/?p=38687"},"modified":"2016-02-17T16:39:55","modified_gmt":"2016-02-17T14:39:55","slug":"presidente-al-assad-emite-decreto-de-amnistia-a-los-desertores-del-ejercito-sirio","status":"publish","type":"post","link":"https:\/\/archive.sana.sy\/es\/?p=38687","title":{"rendered":"Presidente al-Assad emite decreto que amnistia a los desertores del ej\u00e9rcito sirio"},"content":{"rendered":"<p><span style=\"color: #800000\">Damasco, SANA<\/span><\/p>\n<p>El presidente Bashar al-Assad emiti\u00f3 este mi\u00e9rcoles un decreto que concede\u00a0una amnist\u00eda general para los desertores del ej\u00e9rcito sirio que se encuentran fuera y dentro de Siria.<\/p>\n<p>La amnist\u00eda incluye todos los delitos mencionados en la ley del servicio militar, que se cometieron antes de la fecha de 17\/02\/2016.<\/p>\n<p>&nbsp;<\/p>\n<p>&nbsp;<\/p>\n<p>Lynn A.<\/p>\n","protected":false},"excerpt":{"rendered":"<p>Damasco, SANA El presidente Bashar al-Assad emiti\u00f3 este mi\u00e9rcoles un decreto que concede\u00a0una amnist\u00eda general para los desertores del ej\u00e9rcito sirio que se encuentran fuera y dentro de Siria. La amnist\u00eda incluye todos los delitos mencionados en la ley del servicio militar, que se cometieron antes de la fecha de 17\/02\/2016. &nbsp; &nbsp; Lynn A.<\/p>\n","protected":false},"author":24,"featured_media":28216,"comment_status":"closed","ping_status":"closed","sticky":false,"template":"","format":"standard","meta":{"footnotes":""},"categories":[597,583,626,7541],"tags":[],"class_list":["post-38687","post","type-post","status-publish","format-standard","has-post-thumbnail","","category-cinta-de-noticias","category-slide","category-sr-presidente","category-ultimas-noticias"],"_links":{"self":[{"href":"https:\/\/archive.sana.sy\/es\/index.php?rest_route=\/wp\/v2\/posts\/38687"}],"collection":[{"href":"https:\/\/archive.sana.sy\/es\/index.php?rest_route=\/wp\/v2\/posts"}],"about":[{"href":"https:\/\/archive.sana.sy\/es\/index.php?rest_route=\/wp\/v2\/types\/post"}],"author":[{"embeddable":true,"href":"https:\/\/archive.sana.sy\/es\/index.php?rest_route=\/wp\/v2\/users\/24"}],"replies":[{"embeddable":true,"href":"https:\/\/archive.sana.sy\/es\/index.php?rest_route=%2Fwp%2Fv2%2Fcomments&post=38687"}],"version-history":[{"count":0,"href":"https:\/\/archive.sana.sy\/es\/index.php?rest_route=\/wp\/v2\/posts\/38687\/revisions"}],"wp:featuredmedia":[{"embeddable":true,"href":"https:\/\/archive.sana.sy\/es\/index.php?rest_route=\/wp\/v2\/media\/28216"}],"wp:attachment":[{"href":"https:\/\/archive.sana.sy\/es\/index.php?rest_route=%2Fwp%2Fv2%2Fmedia&parent=38687"}],"wp:term":[{"taxonomy":"category","embeddable":true,"href":"https:\/\/archive.sana.sy\/es\/index.php?rest_route=%2Fwp%2Fv2%2Fcategories&post=38687"},{"taxonomy":"post_tag","embeddable":true,"href":"https:\/\/archive.sana.sy\/es\/index.php?rest_route=%2Fwp%2Fv2%2Ftags&post=38687"}],"curies":[{"name":"wp","href":"https:\/\/api.w.org\/{rel}","templated":true}]}}