{"id":38696,"date":"2016-02-17T18:17:49","date_gmt":"2016-02-17T16:17:49","guid":{"rendered":"http:\/\/www.sana.sy\/es\/?p=38696"},"modified":"2016-02-17T18:17:49","modified_gmt":"2016-02-17T16:17:49","slug":"vicecanciller-al-miqdad-examina-con-el-embajador-palestino-desarrollo-de-la-situacion-en-siria-y-el-territorio-palestino-ocupado","status":"publish","type":"post","link":"https:\/\/archive.sana.sy\/es\/?p=38696","title":{"rendered":"Vicecanciller al-Miqdad examina con el embajador palestino desarrollo de la situaci\u00f3n en Siria y el territorio palestino ocupado"},"content":{"rendered":"<p><span style=\"color: #800000\">Damasco,SANA<\/span><\/p>\n<p>El vicecanciller sirio, Faisal al-Miqdad examin\u00f3 este mi\u00e9rcoles con el embajador Anwar Abdulhadi, director del Departamento Pol\u00edtico de la Organizaci\u00f3n de la Liberaci\u00f3n de Palestina (OLP) la evoluci\u00f3n de la situaci\u00f3n en Siria y el territorio palestino ocupado.<\/p>\n<p>Al-Miqdad manifest\u00f3 el apoyo de Siria al pueblo palestino frente a los cr\u00edmenes cometidos por las fuerzas de la ocupaci\u00f3n israel\u00ed en su contra, enfatizando que la causa palestina seguir\u00e1 siendo la causa principal para Siria, pese a los acontecimientos que sufre.<\/p>\n<p>Por otro lado, el Vicecanciller sirio reiter\u00f3 el apego de Siria a la soluci\u00f3n pol\u00edtica de la crisis, y a todas las iniciativas que preservan su integridad territorial y soberan\u00eda, paralelamente con el curso de la lucha contra el terrorismo.<\/p>\n<p>A su vez, el embajador Abdulhadi manifest\u00f3 el apoyo de los palestinos a la soluci\u00f3n pol\u00edtica de la crisis siria y a la unidad de Siria.<\/p>\n<p>Asimismo agradeci\u00f3 al gobierno sirio por sus esfuerzos para garantizar el reparto de la ayuda humanitaria a los desplazados del campamento palestino de Yarmouk que abandonaron sus casas debido a los actos terroristas.<\/p>\n<p>Abdulhadi hizo una panor\u00e1mica sobre la guerra criminal integral librada por las fuerzas israel\u00edes contra el pueblo palestino en el territorio ocupado.<\/p>\n<p>&nbsp;<\/p>\n<p>&nbsp;<\/p>\n<p>Lynn A.<\/p>\n","protected":false},"excerpt":{"rendered":"<p>Damasco,SANA El vicecanciller sirio, Faisal al-Miqdad examin\u00f3 este mi\u00e9rcoles con el embajador Anwar Abdulhadi, director del Departamento Pol\u00edtico de la Organizaci\u00f3n de la Liberaci\u00f3n de Palestina (OLP) la evoluci\u00f3n de la situaci\u00f3n en Siria y el territorio palestino ocupado. Al-Miqdad manifest\u00f3 el apoyo de Siria al pueblo palestino frente a los cr\u00edmenes cometidos por las &hellip;<\/p>\n","protected":false},"author":24,"featured_media":22604,"comment_status":"closed","ping_status":"closed","sticky":false,"template":"","format":"standard","meta":{"footnotes":""},"categories":[477,597,476,7541],"tags":[],"class_list":["post-38696","post","type-post","status-publish","format-standard","has-post-thumbnail","","category-noticias-edulcorantes","category-cinta-de-noticias","category-locales","category-ultimas-noticias"],"_links":{"self":[{"href":"https:\/\/archive.sana.sy\/es\/index.php?rest_route=\/wp\/v2\/posts\/38696"}],"collection":[{"href":"https:\/\/archive.sana.sy\/es\/index.php?rest_route=\/wp\/v2\/posts"}],"about":[{"href":"https:\/\/archive.sana.sy\/es\/index.php?rest_route=\/wp\/v2\/types\/post"}],"author":[{"embeddable":true,"href":"https:\/\/archive.sana.sy\/es\/index.php?rest_route=\/wp\/v2\/users\/24"}],"replies":[{"embeddable":true,"href":"https:\/\/archive.sana.sy\/es\/index.php?rest_route=%2Fwp%2Fv2%2Fcomments&post=38696"}],"version-history":[{"count":0,"href":"https:\/\/archive.sana.sy\/es\/index.php?rest_route=\/wp\/v2\/posts\/38696\/revisions"}],"wp:featuredmedia":[{"embeddable":true,"href":"https:\/\/archive.sana.sy\/es\/index.php?rest_route=\/wp\/v2\/media\/22604"}],"wp:attachment":[{"href":"https:\/\/archive.sana.sy\/es\/index.php?rest_route=%2Fwp%2Fv2%2Fmedia&parent=38696"}],"wp:term":[{"taxonomy":"category","embeddable":true,"href":"https:\/\/archive.sana.sy\/es\/index.php?rest_route=%2Fwp%2Fv2%2Fcategories&post=38696"},{"taxonomy":"post_tag","embeddable":true,"href":"https:\/\/archive.sana.sy\/es\/index.php?rest_route=%2Fwp%2Fv2%2Ftags&post=38696"}],"curies":[{"name":"wp","href":"https:\/\/api.w.org\/{rel}","templated":true}]}}