{"id":38700,"date":"2016-02-17T20:33:14","date_gmt":"2016-02-17T18:33:14","guid":{"rendered":"http:\/\/www.sana.sy\/es\/?p=38700"},"modified":"2016-02-17T20:36:07","modified_gmt":"2016-02-17T18:36:07","slug":"38700","status":"publish","type":"post","link":"https:\/\/archive.sana.sy\/es\/?p=38700","title":{"rendered":"Siria: convoyes con ayuda humanitaria entran a al-Foua y Kefreya en Idlib, y otros a al-Moadamiya, Madaya y al-Zabadani en Damasco Rural"},"content":{"rendered":"<p style=\"text-align: justify\"><span style=\"color: #800000\">Damasco-Rural, Idlib-Rural, SANA<\/span>&#8211; Un nuevo convoy con ayuda humanitaria entr\u00f3 este hoy a las localidades de al-Foua y Kefreya, asediadas por bandas terroristas respaldadas por el r\u00e9gimen turco, situadas en campo de la provincia de Idlib.<\/p>\n<p style=\"text-align: justify\">El coordinador de la operaci\u00f3n humanitaria de la Media Luna Roja \u00c1rabe Siria Ahmad al-Nayem, inform\u00f3 que el convoy consiste en 18 camiones cargados de alimentos, 8 mil sacos de harina y un equipo m\u00e9dico.<\/p>\n<p style=\"text-align: justify\">Cabe se\u00f1alar que otro convoy de ayuda entr\u00f3 en dichas localidades el 14 de mes pasado en el marco de plan acordado entre el gobierno sirio, la ONU, Media Luna Roja \u00c1rabe Siria y la Cruz Ruja.<\/p>\n<p style=\"text-align: justify\"><span style=\"color: #0000ff\">Convoy de ayuda humanitaria entra a la localidad de al-Moadamiya<\/span><\/p>\n<p style=\"text-align: justify\">Otro convoy con ayuda humanitaria entr\u00f3 este mi\u00e9rcoles en la localidad de al-Moadamiya situadas en la provincia Damasco-Riral.<\/p>\n<p style=\"text-align: justify\">El reportero de SANA inform\u00f3 que el convoy consiste en 35 camiones cargados de ayuda alimentaria, medicamentos y art\u00edculos de socorro.<\/p>\n<p style=\"text-align: justify\">Una fuente en la gobernaci\u00f3n de Damasco-campo, Munir Shaban se\u00f1al\u00f3 que la asistencia humanitaria incluye 8800 sacos de harina, y 4400 paquetes con diferentes tipos de productos alimentarios, medicamentos y material para la atenci\u00f3n m\u00e9dica.<\/p>\n<p style=\"text-align: justify\">En el inicio del mes en curso, la gobernaci\u00f3n de Damasco-campo reparti\u00f3 en cooperaci\u00f3n con las organizaciones de la MLRAS y la Cruz Roja alrededor de 12 mil canastas alimentarias y sanitarias a los habitantes de Moadamiyat al-Shaam y al-Tal.<\/p>\n<p style=\"text-align: justify\"><span style=\"color: #0000ff\">Nuevo convoy con ayuda humanitaria entra a las localidades de Madaya y al-Zabadani<\/span><\/p>\n<p style=\"text-align: justify\">En paralelo, otro convoy de 59 camiones cargados de 15600 sacos de harina y cerca de 4100 paquetes alimentarios se dirigi\u00f3 esta tarde a las localidades de Madaya y al-Zabadani, seg\u00fan confirm\u00f3 Ahmad al-Nayem, coordinador de las operaciones en el terreno de la organizaci\u00f3n de la Media Luna Roja \u00c1rabe Siria en la localidad de Madaya.<\/p>\n<p style=\"text-align: justify\">Muhanad al-Asadi miembro de la MLRAS revel\u00f3 que una cl\u00ednica ambulante fue ingresada este mi\u00e9rcoles a Madaya para brindar atenci\u00f3n m\u00e9dica a las personas con estado de salud cr\u00edtico.<\/p>\n<p style=\"text-align: justify\">Las organizaciones terroristas que se despliegan en la localidad de Madaya abrieron fuego el 9 del mes en curso contra veh\u00edculos de la Cruz Roja y la MLRAS a la hora de su acceso a dicha localidad para evacuar a los enfermos de gravedad con sus familias.<\/p>\n<p style=\"text-align: justify\">Cabe recordar que el gobierno sirio en cooperaci\u00f3n con la MLRAS y la ONU ingres\u00f3 en el pasado mes 85 camiones con ayuda humanitaria a la localidad de Madaya.<\/p>\n<p style=\"text-align: justify\">Asimismo hab\u00eda ingresado en el mes pasado de octubre un convoy en Madaya, sin embargo el mismo que fue saqueado por los terroristas que operan en dicha localidad.<\/p>\n<p>&nbsp;<\/p>\n<p>Lynn., M.Miri.<\/p>\n","protected":false},"excerpt":{"rendered":"<p>Damasco-Rural, Idlib-Rural, SANA&#8211; Un nuevo convoy con ayuda humanitaria entr\u00f3 este hoy a las localidades de al-Foua y Kefreya, asediadas por bandas terroristas respaldadas por el r\u00e9gimen turco, situadas en campo de la provincia de Idlib. El coordinador de la operaci\u00f3n humanitaria de la Media Luna Roja \u00c1rabe Siria Ahmad al-Nayem, inform\u00f3 que el convoy &hellip;<\/p>\n","protected":false},"author":24,"featured_media":38701,"comment_status":"closed","ping_status":"closed","sticky":false,"template":"","format":"standard","meta":{"footnotes":""},"categories":[477,597,476,583,7541],"tags":[8049,8047,8048],"class_list":["post-38700","post","type-post","status-publish","format-standard","has-post-thumbnail","","category-noticias-edulcorantes","category-cinta-de-noticias","category-locales","category-slide","category-ultimas-noticias","tag-madaya-y-al-zabadani-en-damasco-rural","tag-siria-convoyes-con-ayuda-humanitaria-entran-a-al-foua-y-kefreya-en-idlib","tag-y-otros-a-al-moadamiya"],"_links":{"self":[{"href":"https:\/\/archive.sana.sy\/es\/index.php?rest_route=\/wp\/v2\/posts\/38700"}],"collection":[{"href":"https:\/\/archive.sana.sy\/es\/index.php?rest_route=\/wp\/v2\/posts"}],"about":[{"href":"https:\/\/archive.sana.sy\/es\/index.php?rest_route=\/wp\/v2\/types\/post"}],"author":[{"embeddable":true,"href":"https:\/\/archive.sana.sy\/es\/index.php?rest_route=\/wp\/v2\/users\/24"}],"replies":[{"embeddable":true,"href":"https:\/\/archive.sana.sy\/es\/index.php?rest_route=%2Fwp%2Fv2%2Fcomments&post=38700"}],"version-history":[{"count":0,"href":"https:\/\/archive.sana.sy\/es\/index.php?rest_route=\/wp\/v2\/posts\/38700\/revisions"}],"wp:featuredmedia":[{"embeddable":true,"href":"https:\/\/archive.sana.sy\/es\/index.php?rest_route=\/wp\/v2\/media\/38701"}],"wp:attachment":[{"href":"https:\/\/archive.sana.sy\/es\/index.php?rest_route=%2Fwp%2Fv2%2Fmedia&parent=38700"}],"wp:term":[{"taxonomy":"category","embeddable":true,"href":"https:\/\/archive.sana.sy\/es\/index.php?rest_route=%2Fwp%2Fv2%2Fcategories&post=38700"},{"taxonomy":"post_tag","embeddable":true,"href":"https:\/\/archive.sana.sy\/es\/index.php?rest_route=%2Fwp%2Fv2%2Ftags&post=38700"}],"curies":[{"name":"wp","href":"https:\/\/api.w.org\/{rel}","templated":true}]}}