{"id":38706,"date":"2016-02-17T19:18:40","date_gmt":"2016-02-17T17:18:40","guid":{"rendered":"http:\/\/sana.sy\/es\/?p=38706"},"modified":"2016-02-17T22:48:41","modified_gmt":"2016-02-17T20:48:41","slug":"una-fuerte-explosion-sacude-el-centro-de-la-capital-turca","status":"publish","type":"post","link":"https:\/\/archive.sana.sy\/es\/?p=38706","title":{"rendered":"Muertos y  heridos en una fuerte explosi\u00f3n en  el centro de la capital turca"},"content":{"rendered":"<p style=\"text-align: justify\"><span style=\"color: #800000\">Ankara, SANA<\/span>\u2013 Varias\u00a0\u00a0personas perdieron la vida y otras resultaron heridas en ataque con coche bomba en Ankara.<\/p>\n<p style=\"text-align: justify\">El ataque cost\u00f3 la vida a 28 personas e hiri\u00f3 a otras 61, seg\u00fan inform\u00f3 el gobernador de la capital turca, Mehmet Kili\u00e7lar.<\/p>\n<p style=\"text-align: justify\">Este ataque tuvo como blanco un convoy de veh\u00edculos del ej\u00e9rcito que se encontraba cerca de la plaza de Kizilay, precis\u00f3 el gobernador.<\/p>\n<p style=\"text-align: justify\">Hasta el lugar se desplazaron ambulancias. En las im\u00e1genes de televisi\u00f3n se ve\u00eda humo en el lugar de la explosi\u00f3n, ocurrida en el barrio de Cankaya.<\/p>\n<p style=\"text-align: justify\">Cabe destacar que el r\u00e9gimen turco es el principal patrocinador de los grupos terroristas que operan en Siria, en particular, la organizaci\u00f3n terrorista Daesh.<\/p>\n<p style=\"text-align: justify\">M.Miri<\/p>\n","protected":false},"excerpt":{"rendered":"<p>Ankara, SANA\u2013 Varias\u00a0\u00a0personas perdieron la vida y otras resultaron heridas en ataque con coche bomba en Ankara. El ataque cost\u00f3 la vida a 28 personas e hiri\u00f3 a otras 61, seg\u00fan inform\u00f3 el gobernador de la capital turca, Mehmet Kili\u00e7lar. Este ataque tuvo como blanco un convoy de veh\u00edculos del ej\u00e9rcito que se encontraba cerca &hellip;<\/p>\n","protected":false},"author":1,"featured_media":38707,"comment_status":"closed","ping_status":"closed","sticky":false,"template":"","format":"standard","meta":{"footnotes":""},"categories":[7541],"tags":[8051,8053,8043],"class_list":["post-38706","post","type-post","status-publish","format-standard","has-post-thumbnail","","category-ultimas-noticias","tag-18-muertos-y-45-heridos-en-una-fuerte-explosion-sacude-el-centro-de-la-capital-turca","tag-muertos-y-heridos-en-una-fuerte-explosion-en-el-centro-de-la-capital-turca","tag-una-fuerte-explosion-sacude-el-centro-de-la-capital-turca"],"_links":{"self":[{"href":"https:\/\/archive.sana.sy\/es\/index.php?rest_route=\/wp\/v2\/posts\/38706"}],"collection":[{"href":"https:\/\/archive.sana.sy\/es\/index.php?rest_route=\/wp\/v2\/posts"}],"about":[{"href":"https:\/\/archive.sana.sy\/es\/index.php?rest_route=\/wp\/v2\/types\/post"}],"author":[{"embeddable":true,"href":"https:\/\/archive.sana.sy\/es\/index.php?rest_route=\/wp\/v2\/users\/1"}],"replies":[{"embeddable":true,"href":"https:\/\/archive.sana.sy\/es\/index.php?rest_route=%2Fwp%2Fv2%2Fcomments&post=38706"}],"version-history":[{"count":0,"href":"https:\/\/archive.sana.sy\/es\/index.php?rest_route=\/wp\/v2\/posts\/38706\/revisions"}],"wp:featuredmedia":[{"embeddable":true,"href":"https:\/\/archive.sana.sy\/es\/index.php?rest_route=\/wp\/v2\/media\/38707"}],"wp:attachment":[{"href":"https:\/\/archive.sana.sy\/es\/index.php?rest_route=%2Fwp%2Fv2%2Fmedia&parent=38706"}],"wp:term":[{"taxonomy":"category","embeddable":true,"href":"https:\/\/archive.sana.sy\/es\/index.php?rest_route=%2Fwp%2Fv2%2Fcategories&post=38706"},{"taxonomy":"post_tag","embeddable":true,"href":"https:\/\/archive.sana.sy\/es\/index.php?rest_route=%2Fwp%2Fv2%2Ftags&post=38706"}],"curies":[{"name":"wp","href":"https:\/\/api.w.org\/{rel}","templated":true}]}}