{"id":38743,"date":"2016-02-18T13:22:23","date_gmt":"2016-02-18T11:22:23","guid":{"rendered":"http:\/\/www.sana.sy\/es\/?p=38743"},"modified":"2016-02-18T13:22:23","modified_gmt":"2016-02-18T11:22:23","slug":"peskov-imponer-una-zona-de-exclusion-aerea-en-alepo-limitara-los-esfuerzos-de-lucha-contra-el-terrorismo","status":"publish","type":"post","link":"https:\/\/archive.sana.sy\/es\/?p=38743","title":{"rendered":"Peskov: imponer una zona de exclusi\u00f3n a\u00e9rea en Alepo limitar\u00e1 los esfuerzos de lucha contra el terrorismo"},"content":{"rendered":"<p style=\"text-align: justify\"><span style=\"color: #800000\">Mosc\u00fa, SANA<\/span><\/p>\n<p style=\"text-align: justify\">Mosc\u00fa asegur\u00f3 que la creaci\u00f3n de una zona de exclusi\u00f3n a\u00e9rea sobre la ciudad siria de Alepo no contribuye a la lucha antiterrorista.<\/p>\n<p style=\"text-align: justify\">En respuesta a una pregunta de si Rusia est\u00e1 dispuesta a examinar la propuesta de la canciller alemana, Angela Merkel, sobre la creaci\u00f3n de una zona de exclusi\u00f3n a\u00e9rea en Alepo, el portavoz de la presidencia rusa, Dmitri Peskov, dijo que se lleva al cabo una lucha contra las organizaciones terroristas que se esconden sobre todo en las zonas propuestas para ser de exclusi\u00f3n a\u00e9rea, se\u00f1alando que es poco probable que medidas de este tipo contribuyan al avance de la lucha antiterrorista&#8221;.<\/p>\n<p style=\"text-align: justify\">El vicecanciller ruso Guinadi Gatilov, hab\u00eda anunciado que no se puede aceptar \u00a0decisiones de crear zona de exclusi\u00f3n a\u00e9rea sin el consentimiento del Gobierno sirio.<\/p>\n<p style=\"text-align: justify\">\n<span style=\"color: #0000ff\"><strong>Fady M., Hala B.<\/strong><\/span><\/p>\n","protected":false},"excerpt":{"rendered":"<p>Mosc\u00fa, SANA Mosc\u00fa asegur\u00f3 que la creaci\u00f3n de una zona de exclusi\u00f3n a\u00e9rea sobre la ciudad siria de Alepo no contribuye a la lucha antiterrorista. En respuesta a una pregunta de si Rusia est\u00e1 dispuesta a examinar la propuesta de la canciller alemana, Angela Merkel, sobre la creaci\u00f3n de una zona de exclusi\u00f3n a\u00e9rea en &hellip;<\/p>\n","protected":false},"author":1,"featured_media":38744,"comment_status":"closed","ping_status":"closed","sticky":false,"template":"","format":"standard","meta":{"footnotes":""},"categories":[597,576,7541],"tags":[8058],"class_list":["post-38743","post","type-post","status-publish","format-standard","has-post-thumbnail","","category-cinta-de-noticias","category-noticias-politicas","category-ultimas-noticias","tag-peskov-imponer-una-zona-de-exclusion-aerea-en-alepo-limitara-los-esfuerzos-de-lucha-contra-el-terrorismo"],"_links":{"self":[{"href":"https:\/\/archive.sana.sy\/es\/index.php?rest_route=\/wp\/v2\/posts\/38743"}],"collection":[{"href":"https:\/\/archive.sana.sy\/es\/index.php?rest_route=\/wp\/v2\/posts"}],"about":[{"href":"https:\/\/archive.sana.sy\/es\/index.php?rest_route=\/wp\/v2\/types\/post"}],"author":[{"embeddable":true,"href":"https:\/\/archive.sana.sy\/es\/index.php?rest_route=\/wp\/v2\/users\/1"}],"replies":[{"embeddable":true,"href":"https:\/\/archive.sana.sy\/es\/index.php?rest_route=%2Fwp%2Fv2%2Fcomments&post=38743"}],"version-history":[{"count":0,"href":"https:\/\/archive.sana.sy\/es\/index.php?rest_route=\/wp\/v2\/posts\/38743\/revisions"}],"wp:featuredmedia":[{"embeddable":true,"href":"https:\/\/archive.sana.sy\/es\/index.php?rest_route=\/wp\/v2\/media\/38744"}],"wp:attachment":[{"href":"https:\/\/archive.sana.sy\/es\/index.php?rest_route=%2Fwp%2Fv2%2Fmedia&parent=38743"}],"wp:term":[{"taxonomy":"category","embeddable":true,"href":"https:\/\/archive.sana.sy\/es\/index.php?rest_route=%2Fwp%2Fv2%2Fcategories&post=38743"},{"taxonomy":"post_tag","embeddable":true,"href":"https:\/\/archive.sana.sy\/es\/index.php?rest_route=%2Fwp%2Fv2%2Ftags&post=38743"}],"curies":[{"name":"wp","href":"https:\/\/api.w.org\/{rel}","templated":true}]}}