{"id":38772,"date":"2016-02-18T20:00:21","date_gmt":"2016-02-18T18:00:21","guid":{"rendered":"http:\/\/www.sana.sy\/es\/?p=38772"},"modified":"2016-02-18T20:00:21","modified_gmt":"2016-02-18T18:00:21","slug":"titular-de-salud-inaugura-una-fabrica-farmaceutica-en-la-provincia-de-tartous","status":"publish","type":"post","link":"https:\/\/archive.sana.sy\/es\/?p=38772","title":{"rendered":"Titular de Salud inaugura una f\u00e1brica farmac\u00e9utica en la provincia de Tartous"},"content":{"rendered":"<p><span style=\"color: #800000\">Tartous, SANA<\/span><\/p>\n<p>El ministro de Salud, Dr. Nizar Yazayi inaugur\u00f3 este jueves la f\u00e1brica de \u201cHuman Farma\u201d para la industria farmac\u00e9utica en el pueblo de Bustan en la provincia costera de Tartous.<\/p>\n<p>La f\u00e1brica cuyo costo alcanza 1.5 mil millones de libras sirias produce medicamentos que no se encuentran en el mercado local, inform\u00f3 el titular de salud.<\/p>\n<p>Dr .Yazayi hizo referencia a los esfuerzos tomados para impulsar la industria farmac\u00e9utica, despu\u00e9s de que numerosas f\u00e1bricas de medicamentos fueran afectadas por los ataques terroristas.<\/p>\n<p>En este contexto se\u00f1al\u00f3 que 70 f\u00e1bricas farmac\u00e9uticas operan en Siria, y se dio autorizaci\u00f3n para el establecimiento de ocho f\u00e1bricas en Latakia y Tartous.<\/p>\n<p>Es de se\u00f1alar que dicha f\u00e1brica garantizar\u00e1 250 oportunidades de trabajo para los habitantes de dicha zona, sobre todo los familiares de los m\u00e1rtires y los lesionados del ej\u00e9rcito sirio.<\/p>\n<p>&nbsp;<\/p>\n<div id='gallery-1' class='gallery galleryid-38772 gallery-columns-3 gallery-size-thumbnail'><figure class='gallery-item'>\n\t\t\t<div class='gallery-icon landscape'>\n\t\t\t\t<a href='https:\/\/archive.sana.sy\/es\/wp-content\/uploads\/2016\/02\/Ministro-de-Salud-Human-Farma-1.jpg'><img loading=\"lazy\" decoding=\"async\" width=\"150\" height=\"100\" src=\"https:\/\/archive.sana.sy\/es\/wp-content\/uploads\/2016\/02\/Ministro-de-Salud-Human-Farma-1-150x100.jpg\" class=\"attachment-thumbnail size-thumbnail\" alt=\"\" srcset=\"https:\/\/archive.sana.sy\/es\/wp-content\/uploads\/2016\/02\/Ministro-de-Salud-Human-Farma-1-150x100.jpg 150w, https:\/\/archive.sana.sy\/es\/wp-content\/uploads\/2016\/02\/Ministro-de-Salud-Human-Farma-1-300x200.jpg 300w, https:\/\/archive.sana.sy\/es\/wp-content\/uploads\/2016\/02\/Ministro-de-Salud-Human-Farma-1-768x512.jpg 768w, https:\/\/archive.sana.sy\/es\/wp-content\/uploads\/2016\/02\/Ministro-de-Salud-Human-Farma-1-1024x683.jpg 1024w, https:\/\/archive.sana.sy\/es\/wp-content\/uploads\/2016\/02\/Ministro-de-Salud-Human-Farma-1-310x205.jpg 310w\" sizes=\"(max-width: 150px) 100vw, 150px\" \/><\/a>\n\t\t\t<\/div><\/figure><figure class='gallery-item'>\n\t\t\t<div class='gallery-icon landscape'>\n\t\t\t\t<a href='https:\/\/archive.sana.sy\/es\/wp-content\/uploads\/2016\/02\/Ministro-de-Salud-Human-Farma-2.jpg'><img loading=\"lazy\" decoding=\"async\" width=\"150\" height=\"100\" src=\"https:\/\/archive.sana.sy\/es\/wp-content\/uploads\/2016\/02\/Ministro-de-Salud-Human-Farma-2-150x100.jpg\" class=\"attachment-thumbnail size-thumbnail\" alt=\"\" srcset=\"https:\/\/archive.sana.sy\/es\/wp-content\/uploads\/2016\/02\/Ministro-de-Salud-Human-Farma-2-150x100.jpg 150w, https:\/\/archive.sana.sy\/es\/wp-content\/uploads\/2016\/02\/Ministro-de-Salud-Human-Farma-2-300x200.jpg 300w, https:\/\/archive.sana.sy\/es\/wp-content\/uploads\/2016\/02\/Ministro-de-Salud-Human-Farma-2-768x512.jpg 768w, https:\/\/archive.sana.sy\/es\/wp-content\/uploads\/2016\/02\/Ministro-de-Salud-Human-Farma-2-1024x683.jpg 1024w, https:\/\/archive.sana.sy\/es\/wp-content\/uploads\/2016\/02\/Ministro-de-Salud-Human-Farma-2-310x205.jpg 310w\" sizes=\"(max-width: 150px) 100vw, 150px\" \/><\/a>\n\t\t\t<\/div><\/figure><figure class='gallery-item'>\n\t\t\t<div class='gallery-icon landscape'>\n\t\t\t\t<a href='https:\/\/archive.sana.sy\/es\/wp-content\/uploads\/2016\/02\/Ministro-de-Salud-Human-Farma.jpg'><img loading=\"lazy\" decoding=\"async\" width=\"150\" height=\"100\" src=\"https:\/\/archive.sana.sy\/es\/wp-content\/uploads\/2016\/02\/Ministro-de-Salud-Human-Farma-150x100.jpg\" class=\"attachment-thumbnail size-thumbnail\" alt=\"\" srcset=\"https:\/\/archive.sana.sy\/es\/wp-content\/uploads\/2016\/02\/Ministro-de-Salud-Human-Farma-150x100.jpg 150w, https:\/\/archive.sana.sy\/es\/wp-content\/uploads\/2016\/02\/Ministro-de-Salud-Human-Farma-300x200.jpg 300w, https:\/\/archive.sana.sy\/es\/wp-content\/uploads\/2016\/02\/Ministro-de-Salud-Human-Farma-768x512.jpg 768w, https:\/\/archive.sana.sy\/es\/wp-content\/uploads\/2016\/02\/Ministro-de-Salud-Human-Farma-1024x683.jpg 1024w, https:\/\/archive.sana.sy\/es\/wp-content\/uploads\/2016\/02\/Ministro-de-Salud-Human-Farma-310x205.jpg 310w\" sizes=\"(max-width: 150px) 100vw, 150px\" \/><\/a>\n\t\t\t<\/div><\/figure><figure class='gallery-item'>\n\t\t\t<div class='gallery-icon landscape'>\n\t\t\t\t<a href='https:\/\/archive.sana.sy\/es\/wp-content\/uploads\/2016\/02\/Ministro-de-Salud-Human-Farma-3.jpg'><img loading=\"lazy\" decoding=\"async\" width=\"150\" height=\"87\" src=\"https:\/\/archive.sana.sy\/es\/wp-content\/uploads\/2016\/02\/Ministro-de-Salud-Human-Farma-3-150x87.jpg\" class=\"attachment-thumbnail size-thumbnail\" alt=\"\" srcset=\"https:\/\/archive.sana.sy\/es\/wp-content\/uploads\/2016\/02\/Ministro-de-Salud-Human-Farma-3-150x87.jpg 150w, https:\/\/archive.sana.sy\/es\/wp-content\/uploads\/2016\/02\/Ministro-de-Salud-Human-Farma-3-300x174.jpg 300w, https:\/\/archive.sana.sy\/es\/wp-content\/uploads\/2016\/02\/Ministro-de-Salud-Human-Farma-3-768x444.jpg 768w, https:\/\/archive.sana.sy\/es\/wp-content\/uploads\/2016\/02\/Ministro-de-Salud-Human-Farma-3-1024x592.jpg 1024w\" sizes=\"(max-width: 150px) 100vw, 150px\" \/><\/a>\n\t\t\t<\/div><\/figure>\n\t\t<\/div>\n\n<p>&nbsp;<\/p>\n<p>Lynn A.<\/p>\n","protected":false},"excerpt":{"rendered":"<p>Tartous, SANA El ministro de Salud, Dr. Nizar Yazayi inaugur\u00f3 este jueves la f\u00e1brica de \u201cHuman Farma\u201d para la industria farmac\u00e9utica en el pueblo de Bustan en la provincia costera de Tartous. La f\u00e1brica cuyo costo alcanza 1.5 mil millones de libras sirias produce medicamentos que no se encuentran en el mercado local, inform\u00f3 el &hellip;<\/p>\n","protected":false},"author":24,"featured_media":38774,"comment_status":"closed","ping_status":"closed","sticky":false,"template":"","format":"standard","meta":{"footnotes":""},"categories":[477,476],"tags":[],"class_list":["post-38772","post","type-post","status-publish","format-standard","has-post-thumbnail","","category-noticias-edulcorantes","category-locales"],"_links":{"self":[{"href":"https:\/\/archive.sana.sy\/es\/index.php?rest_route=\/wp\/v2\/posts\/38772"}],"collection":[{"href":"https:\/\/archive.sana.sy\/es\/index.php?rest_route=\/wp\/v2\/posts"}],"about":[{"href":"https:\/\/archive.sana.sy\/es\/index.php?rest_route=\/wp\/v2\/types\/post"}],"author":[{"embeddable":true,"href":"https:\/\/archive.sana.sy\/es\/index.php?rest_route=\/wp\/v2\/users\/24"}],"replies":[{"embeddable":true,"href":"https:\/\/archive.sana.sy\/es\/index.php?rest_route=%2Fwp%2Fv2%2Fcomments&post=38772"}],"version-history":[{"count":0,"href":"https:\/\/archive.sana.sy\/es\/index.php?rest_route=\/wp\/v2\/posts\/38772\/revisions"}],"wp:featuredmedia":[{"embeddable":true,"href":"https:\/\/archive.sana.sy\/es\/index.php?rest_route=\/wp\/v2\/media\/38774"}],"wp:attachment":[{"href":"https:\/\/archive.sana.sy\/es\/index.php?rest_route=%2Fwp%2Fv2%2Fmedia&parent=38772"}],"wp:term":[{"taxonomy":"category","embeddable":true,"href":"https:\/\/archive.sana.sy\/es\/index.php?rest_route=%2Fwp%2Fv2%2Fcategories&post=38772"},{"taxonomy":"post_tag","embeddable":true,"href":"https:\/\/archive.sana.sy\/es\/index.php?rest_route=%2Fwp%2Fv2%2Ftags&post=38772"}],"curies":[{"name":"wp","href":"https:\/\/api.w.org\/{rel}","templated":true}]}}