{"id":38778,"date":"2016-02-19T14:19:07","date_gmt":"2016-02-19T12:19:07","guid":{"rendered":"http:\/\/sana.sy\/es\/?p=38778"},"modified":"2016-02-19T14:19:07","modified_gmt":"2016-02-19T12:19:07","slug":"ministro-de-informacion-no-hay-ni-habra-tregua-con-el-terrorismo","status":"publish","type":"post","link":"https:\/\/archive.sana.sy\/es\/?p=38778","title":{"rendered":"Ministro de Informaci\u00f3n: \u201cno hay ni habr\u00e1 tregua con el terrorismo\u201d"},"content":{"rendered":"<p style=\"text-align: justify\"><span style=\"color: #800000\">Damasco, SANA<\/span>&#8211;\u00a0El ministro de Informaci\u00f3n, Omran al Zoubi, dijo que la decisi\u00f3n de enfrentar el terrorismo con la fuerza militar, apoyada por la voluntad popular y el apoyo de los aliados y los amigos, ha comenzado a tener resultados sobre el terreno con aplastantes derrotas sufridas por los terroristas y con la fuga de un gran n\u00famero de ellos.<\/p>\n<p style=\"text-align: justify\">En una entrevista con la televisi\u00f3n siria, al Zoubi dijo \u201cno hay lugar para la aplicaci\u00f3n de cualquier producto de la v\u00eda pol\u00edtica antes de terminar de enfrentar al terrorismo\u201d, haciendo hincapi\u00e9 en que \u201ccualquier soluci\u00f3n pol\u00edtica debe ser fiel a la sangre de los m\u00e1rtires y sus derechos, y esto es una l\u00ednea roja para nosotros.&#8221;<\/p>\n<p style=\"text-align: justify\">El Ministro de Informaci\u00f3n precis\u00f3 que \u201cel comportamiento de los funcionarios del r\u00e9gimen saud\u00ed y sus declaraciones acerca de las opciones disponibles y el uso de la fuerza militar, adem\u00e1s de la creaci\u00f3n de la llamada &#8220;alianza isl\u00e1mica&#8221; y el env\u00edo de aviones a Turqu\u00eda, reflejan un estado de histeria, incertidumbre y confusi\u00f3n, despu\u00e9s de las grandes victorias del ej\u00e9rcito sirio contra el terrorismo en varios frentes\u201d.<\/p>\n<p style=\"text-align: justify\">El titular sirio dijo que \u201cni la OTAN ni Estados Unidos pueden dar a los reg\u00edmenes de Arabia Saudita y Turqu\u00eda cubertura para cometer la locura de una intervenci\u00f3n terrestre en Siria\u201d, se\u00f1alando que \u201cel r\u00e9gimen saud\u00ed es lacayo y no es due\u00f1o de su propia decisi\u00f3n, ya que es una de las piezas del proyecto estadounidense en la regi\u00f3n y no excede este l\u00edmite\u201d.<\/p>\n<p style=\"text-align: justify\">\u201cCuando la delegaci\u00f3n de la oposici\u00f3n de Riad, formada por los reg\u00edmenes de Arabia Saudita y Turqu\u00eda, sinti\u00f3 la seriedad del estado sirio en el di\u00e1logo empezaron a utilizar argumentos d\u00e9biles y pusieron una lista de condiciones\u201d dijo al Zubi.<\/p>\n<p style=\"text-align: justify\">Sobre el tema de ayuda humanitaria, al Zoubi se\u00f1al\u00f3 que el gobierno sirio introdujo desde el comienzo de este a\u00f1o unos 75 convoyes de ayuda a todas las \u00e1reas necesitadas, haciendo hincapi\u00e9 en que m\u00e1s del 85 por ciento de la ayuda es a costa del gobierno sirio y del dinero de los sirios y no es de las Naciones Unidas.<\/p>\n<p style=\"text-align: justify\">Concluy\u00f3 que \u201cno hay ni habr\u00e1 tregua con el terrorismo o un alto el fuego con las organizaciones terroristas\u201d, llamando a todos los armados a entregar sus armas como parte de la reconciliaci\u00f3n nacional.<\/p>\n<p>Fady.M., M.Miri<\/p>\n","protected":false},"excerpt":{"rendered":"<p>Damasco, SANA&#8211;\u00a0El ministro de Informaci\u00f3n, Omran al Zoubi, dijo que la decisi\u00f3n de enfrentar el terrorismo con la fuerza militar, apoyada por la voluntad popular y el apoyo de los aliados y los amigos, ha comenzado a tener resultados sobre el terreno con aplastantes derrotas sufridas por los terroristas y con la fuga de un &hellip;<\/p>\n","protected":false},"author":1,"featured_media":38779,"comment_status":"closed","ping_status":"closed","sticky":false,"template":"","format":"standard","meta":{"footnotes":""},"categories":[477,476,7541],"tags":[],"class_list":["post-38778","post","type-post","status-publish","format-standard","has-post-thumbnail","","category-noticias-edulcorantes","category-locales","category-ultimas-noticias"],"_links":{"self":[{"href":"https:\/\/archive.sana.sy\/es\/index.php?rest_route=\/wp\/v2\/posts\/38778"}],"collection":[{"href":"https:\/\/archive.sana.sy\/es\/index.php?rest_route=\/wp\/v2\/posts"}],"about":[{"href":"https:\/\/archive.sana.sy\/es\/index.php?rest_route=\/wp\/v2\/types\/post"}],"author":[{"embeddable":true,"href":"https:\/\/archive.sana.sy\/es\/index.php?rest_route=\/wp\/v2\/users\/1"}],"replies":[{"embeddable":true,"href":"https:\/\/archive.sana.sy\/es\/index.php?rest_route=%2Fwp%2Fv2%2Fcomments&post=38778"}],"version-history":[{"count":0,"href":"https:\/\/archive.sana.sy\/es\/index.php?rest_route=\/wp\/v2\/posts\/38778\/revisions"}],"wp:featuredmedia":[{"embeddable":true,"href":"https:\/\/archive.sana.sy\/es\/index.php?rest_route=\/wp\/v2\/media\/38779"}],"wp:attachment":[{"href":"https:\/\/archive.sana.sy\/es\/index.php?rest_route=%2Fwp%2Fv2%2Fmedia&parent=38778"}],"wp:term":[{"taxonomy":"category","embeddable":true,"href":"https:\/\/archive.sana.sy\/es\/index.php?rest_route=%2Fwp%2Fv2%2Fcategories&post=38778"},{"taxonomy":"post_tag","embeddable":true,"href":"https:\/\/archive.sana.sy\/es\/index.php?rest_route=%2Fwp%2Fv2%2Ftags&post=38778"}],"curies":[{"name":"wp","href":"https:\/\/api.w.org\/{rel}","templated":true}]}}