{"id":38854,"date":"2016-02-20T16:40:46","date_gmt":"2016-02-20T14:40:46","guid":{"rendered":"http:\/\/www.sana.sy\/es\/?p=38854"},"modified":"2016-02-20T20:18:41","modified_gmt":"2016-02-20T18:18:41","slug":"vicecanciller-sirio-siria-lamenta-rechazo-del-proyecto-de-resolucion-ruso-respeto-a-cesar-violaciones-de-la-soberania-de-siria","status":"publish","type":"post","link":"https:\/\/archive.sana.sy\/es\/?p=38854","title":{"rendered":"Vicecanciller sirio: Siria lamenta rechazo del proyecto de resoluci\u00f3n ruso respeto a cesar violaciones de la soberan\u00eda de Siria"},"content":{"rendered":"<p style=\"text-align: justify\"><span style=\"color: #800000\">Damasco, SANA-\u00a0<\/span>El vicecanciller sirio, Faisal al-Miqdad declar\u00f3 a la prensa que Siria lamenta el veto por parte de algunos pa\u00edses occidentales del proyecto de resoluci\u00f3n ruso planteado ante el Consejo de Seguridad de la ONU, teniendo en cuenta que este proyecto exige a Turqu\u00eda, entre otros pa\u00edses no cometer la idiotez de la agresi\u00f3n contra el territorio sirio, respetar la soberan\u00eda de Siria, cesar inmediatamente cualquier bombardeo o penetraci\u00f3n\u00a0mediante la frontera conjunta, abandonar todos los planes de intervenci\u00f3n terrestre extranjera en el territorio sirio o brindar apoyo en este sentido.<\/p>\n<p style=\"text-align: justify\">El mismo, explic\u00f3, exige a Turqu\u00eda y otros pa\u00edses a respetar las resoluciones del Consejo de Seguridad de la ONU relativas al terrorismo, y reitera la necesidad de que la comunidad internacional impida el flujo de terroristas y el traslade ilegitimo de las armas y los equipos b\u00e9licos al territorio sirio.<\/p>\n<p style=\"text-align: justify\">\u201cEsta posici\u00f3n de los pa\u00edses occidentales no sorprende a Siria\u201d, dijo al-Miqdad, puesto que estos pa\u00edses conspiraron contra Siria, brindaron todo tipo de apoyo a los terroristas, y se deslizaron de sus responsabilidades de cumplir las resoluciones del CS relacionadas con la lucha antiterrorista, inclusive la resoluci\u00f3n No. 2253, lo que caus\u00f3 la prolongaci\u00f3n de la crisis en Siria y la expansi\u00f3n del terrorismo en la regi\u00f3n y el mundo.<\/p>\n<p>Lynn A.<\/p>\n","protected":false},"excerpt":{"rendered":"<p>Damasco, SANA-\u00a0El vicecanciller sirio, Faisal al-Miqdad declar\u00f3 a la prensa que Siria lamenta el veto por parte de algunos pa\u00edses occidentales del proyecto de resoluci\u00f3n ruso planteado ante el Consejo de Seguridad de la ONU, teniendo en cuenta que este proyecto exige a Turqu\u00eda, entre otros pa\u00edses no cometer la idiotez de la agresi\u00f3n contra &hellip;<\/p>\n","protected":false},"author":24,"featured_media":22604,"comment_status":"closed","ping_status":"closed","sticky":false,"template":"","format":"standard","meta":{"footnotes":""},"categories":[477,597,476,583,7541],"tags":[],"class_list":["post-38854","post","type-post","status-publish","format-standard","has-post-thumbnail","","category-noticias-edulcorantes","category-cinta-de-noticias","category-locales","category-slide","category-ultimas-noticias"],"_links":{"self":[{"href":"https:\/\/archive.sana.sy\/es\/index.php?rest_route=\/wp\/v2\/posts\/38854"}],"collection":[{"href":"https:\/\/archive.sana.sy\/es\/index.php?rest_route=\/wp\/v2\/posts"}],"about":[{"href":"https:\/\/archive.sana.sy\/es\/index.php?rest_route=\/wp\/v2\/types\/post"}],"author":[{"embeddable":true,"href":"https:\/\/archive.sana.sy\/es\/index.php?rest_route=\/wp\/v2\/users\/24"}],"replies":[{"embeddable":true,"href":"https:\/\/archive.sana.sy\/es\/index.php?rest_route=%2Fwp%2Fv2%2Fcomments&post=38854"}],"version-history":[{"count":0,"href":"https:\/\/archive.sana.sy\/es\/index.php?rest_route=\/wp\/v2\/posts\/38854\/revisions"}],"wp:featuredmedia":[{"embeddable":true,"href":"https:\/\/archive.sana.sy\/es\/index.php?rest_route=\/wp\/v2\/media\/22604"}],"wp:attachment":[{"href":"https:\/\/archive.sana.sy\/es\/index.php?rest_route=%2Fwp%2Fv2%2Fmedia&parent=38854"}],"wp:term":[{"taxonomy":"category","embeddable":true,"href":"https:\/\/archive.sana.sy\/es\/index.php?rest_route=%2Fwp%2Fv2%2Fcategories&post=38854"},{"taxonomy":"post_tag","embeddable":true,"href":"https:\/\/archive.sana.sy\/es\/index.php?rest_route=%2Fwp%2Fv2%2Ftags&post=38854"}],"curies":[{"name":"wp","href":"https:\/\/api.w.org\/{rel}","templated":true}]}}