{"id":38866,"date":"2016-02-20T19:29:35","date_gmt":"2016-02-20T17:29:35","guid":{"rendered":"http:\/\/www.sana.sy\/es\/?p=38866"},"modified":"2016-02-20T20:31:53","modified_gmt":"2016-02-20T18:31:53","slug":"bogdanov-y-haddad-abordan-en-moscu-la-situacion-en-siria-4","status":"publish","type":"post","link":"https:\/\/archive.sana.sy\/es\/?p=38866","title":{"rendered":"Bogdanov y Haddad abordan en Mosc\u00fa la situaci\u00f3n en siria"},"content":{"rendered":"<p style=\"text-align: justify\"><span style=\"color: #800000\">Mosc\u00fa, SANA<\/span>\u2013 El representante especial del presidente ruso para los Asuntos del Oriente Medio y los Pa\u00edses Africanos, el vicecanciller Mikhail Bogdanov, discuti\u00f3 detalladamente con el embajador sirio en Mosc\u00fa, Riyad Haddad, la situaci\u00f3n en Siria.<\/p>\n<p style=\"text-align: justify\">El Ministerio de Relaciones Exteriores ruso dijo en un comunicado que \u201cse discuti\u00f3 durante la reuni\u00f3n los acuerdos alcanzados por el Grupo Internacional de Apoyo a Siria (GIAS), durante su \u00faltimo encuentro que tuvo lugar en la ciudad de M\u00fanich el d\u00eda 11 del mes en curso\u201d.<\/p>\n<p style=\"text-align: justify\">La Canciller\u00eda rusa agreg\u00f3 que ambas partes destacaron necesidad de entregar la ayudad humanitaria a todas las zonas en Siria, adem\u00e1s se examin\u00f3 la cuesti\u00f3n del cese de operaciones de combate, sin dejar de combatir las organizaciones terroristas.<\/p>\n<p>M.Miri<\/p>\n","protected":false},"excerpt":{"rendered":"<p>Mosc\u00fa, SANA\u2013 El representante especial del presidente ruso para los Asuntos del Oriente Medio y los Pa\u00edses Africanos, el vicecanciller Mikhail Bogdanov, discuti\u00f3 detalladamente con el embajador sirio en Mosc\u00fa, Riyad Haddad, la situaci\u00f3n en Siria. El Ministerio de Relaciones Exteriores ruso dijo en un comunicado que \u201cse discuti\u00f3 durante la reuni\u00f3n los acuerdos alcanzados &hellip;<\/p>\n","protected":false},"author":1,"featured_media":38874,"comment_status":"closed","ping_status":"closed","sticky":false,"template":"","format":"standard","meta":{"footnotes":""},"categories":[467,7541],"tags":[6843],"class_list":["post-38866","post","type-post","status-publish","format-standard","has-post-thumbnail","","category-siria-y-el-mundo","category-ultimas-noticias","tag-bogdanov-y-haddad-abordan-en-moscu-la-situacion-en-siria"],"_links":{"self":[{"href":"https:\/\/archive.sana.sy\/es\/index.php?rest_route=\/wp\/v2\/posts\/38866"}],"collection":[{"href":"https:\/\/archive.sana.sy\/es\/index.php?rest_route=\/wp\/v2\/posts"}],"about":[{"href":"https:\/\/archive.sana.sy\/es\/index.php?rest_route=\/wp\/v2\/types\/post"}],"author":[{"embeddable":true,"href":"https:\/\/archive.sana.sy\/es\/index.php?rest_route=\/wp\/v2\/users\/1"}],"replies":[{"embeddable":true,"href":"https:\/\/archive.sana.sy\/es\/index.php?rest_route=%2Fwp%2Fv2%2Fcomments&post=38866"}],"version-history":[{"count":0,"href":"https:\/\/archive.sana.sy\/es\/index.php?rest_route=\/wp\/v2\/posts\/38866\/revisions"}],"wp:featuredmedia":[{"embeddable":true,"href":"https:\/\/archive.sana.sy\/es\/index.php?rest_route=\/wp\/v2\/media\/38874"}],"wp:attachment":[{"href":"https:\/\/archive.sana.sy\/es\/index.php?rest_route=%2Fwp%2Fv2%2Fmedia&parent=38866"}],"wp:term":[{"taxonomy":"category","embeddable":true,"href":"https:\/\/archive.sana.sy\/es\/index.php?rest_route=%2Fwp%2Fv2%2Fcategories&post=38866"},{"taxonomy":"post_tag","embeddable":true,"href":"https:\/\/archive.sana.sy\/es\/index.php?rest_route=%2Fwp%2Fv2%2Ftags&post=38866"}],"curies":[{"name":"wp","href":"https:\/\/api.w.org\/{rel}","templated":true}]}}