{"id":38868,"date":"2016-02-20T20:07:17","date_gmt":"2016-02-20T18:07:17","guid":{"rendered":"http:\/\/www.sana.sy\/es\/?p=38868"},"modified":"2016-02-20T20:20:24","modified_gmt":"2016-02-20T18:20:24","slug":"lavrov-considera-las-acciones-provocativas-turcas-en-siria-como-una-violacion-de-su-integridad-territorial","status":"publish","type":"post","link":"https:\/\/archive.sana.sy\/es\/?p=38868","title":{"rendered":"Lavrov considera las acciones provocativas turcas en Siria como una violaci\u00f3n de su integridad territorial"},"content":{"rendered":"<p style=\"text-align: justify\"><span style=\"color: #800000\">Mosc\u00fa, SANA<\/span>&#8211; El Ministro de Asuntos Exteriores, Sergei Lavrov, en su \u00a0conversaci\u00f3n telef\u00f3nica con su hom\u00f3logo de Estados Unidos, John Kerry, consider\u00f3 las acciones provocativas turcas en Siria como una violaci\u00f3n de su integridad territorial.<\/p>\n<p style=\"text-align: justify\">De acuerdo con un comunicado de la canciller\u00eda rusa, dos ministros discutieron la cooperaci\u00f3n llevada a cabo entre ambos pa\u00edses y las maneras de aplicar las resoluciones expedidas de la reuni\u00f3n de M\u00fanich, celebrad el 11 del mes en curso, sobre el alivio de la situaci\u00f3n humanitaria y para ponerse de acuerdo sobre la manera de detener las &#8220;acciones de combate&#8221; en Siria, excepto, la lucha contra las organizaciones terroristas.<\/p>\n<p style=\"text-align: justify\">Seg\u00fan el comunicado, Lavrov y Kerry destacaron necesidad de establecer unos mecanismos de coordinaci\u00f3n militar con respecto al &#8220;alto el fuego&#8221; en Siria, elogiando al los progresos realizados en la entrega de suministros humanitarios a las zonas sitiadas.<\/p>\n<p>Lynn. A., M.Miri<\/p>\n","protected":false},"excerpt":{"rendered":"<p>Mosc\u00fa, SANA&#8211; El Ministro de Asuntos Exteriores, Sergei Lavrov, en su \u00a0conversaci\u00f3n telef\u00f3nica con su hom\u00f3logo de Estados Unidos, John Kerry, consider\u00f3 las acciones provocativas turcas en Siria como una violaci\u00f3n de su integridad territorial. De acuerdo con un comunicado de la canciller\u00eda rusa, dos ministros discutieron la cooperaci\u00f3n llevada a cabo entre ambos pa\u00edses &hellip;<\/p>\n","protected":false},"author":1,"featured_media":38869,"comment_status":"closed","ping_status":"closed","sticky":false,"template":"","format":"standard","meta":{"footnotes":""},"categories":[467,7541],"tags":[8073],"class_list":["post-38868","post","type-post","status-publish","format-standard","has-post-thumbnail","","category-siria-y-el-mundo","category-ultimas-noticias","tag-lavrov-considera-las-acciones-provocativas-turcas-en-siria-como-una-violacion-de-su-integridad-territorial"],"_links":{"self":[{"href":"https:\/\/archive.sana.sy\/es\/index.php?rest_route=\/wp\/v2\/posts\/38868"}],"collection":[{"href":"https:\/\/archive.sana.sy\/es\/index.php?rest_route=\/wp\/v2\/posts"}],"about":[{"href":"https:\/\/archive.sana.sy\/es\/index.php?rest_route=\/wp\/v2\/types\/post"}],"author":[{"embeddable":true,"href":"https:\/\/archive.sana.sy\/es\/index.php?rest_route=\/wp\/v2\/users\/1"}],"replies":[{"embeddable":true,"href":"https:\/\/archive.sana.sy\/es\/index.php?rest_route=%2Fwp%2Fv2%2Fcomments&post=38868"}],"version-history":[{"count":0,"href":"https:\/\/archive.sana.sy\/es\/index.php?rest_route=\/wp\/v2\/posts\/38868\/revisions"}],"wp:featuredmedia":[{"embeddable":true,"href":"https:\/\/archive.sana.sy\/es\/index.php?rest_route=\/wp\/v2\/media\/38869"}],"wp:attachment":[{"href":"https:\/\/archive.sana.sy\/es\/index.php?rest_route=%2Fwp%2Fv2%2Fmedia&parent=38868"}],"wp:term":[{"taxonomy":"category","embeddable":true,"href":"https:\/\/archive.sana.sy\/es\/index.php?rest_route=%2Fwp%2Fv2%2Fcategories&post=38868"},{"taxonomy":"post_tag","embeddable":true,"href":"https:\/\/archive.sana.sy\/es\/index.php?rest_route=%2Fwp%2Fv2%2Ftags&post=38868"}],"curies":[{"name":"wp","href":"https:\/\/api.w.org\/{rel}","templated":true}]}}