{"id":38875,"date":"2016-02-20T21:24:22","date_gmt":"2016-02-20T19:24:22","guid":{"rendered":"http:\/\/www.sana.sy\/es\/?p=38875"},"modified":"2016-02-20T21:24:22","modified_gmt":"2016-02-20T19:24:22","slug":"putin-las-fuerzas-rusas-en-siria-defienden-los-intereses-nacionales-de-rusia-y-ayudan-a-proteger-a-los-civiles-del-terrorismo","status":"publish","type":"post","link":"https:\/\/archive.sana.sy\/es\/?p=38875","title":{"rendered":"Putin: las fuerzas rusas en Siria defienden los intereses nacionales de Rusia y ayudan a proteger a los civiles del terrorismo"},"content":{"rendered":"<p style=\"text-align: justify\"><span style=\"color: #800000\">Mosc\u00fa, SANA<\/span>&#8211; El presidente ruso, Vladimir Putin, dijo que su pa\u00eds busca resolver la crisis en Siria a trav\u00e9s de v\u00edas pol\u00edticas y diplom\u00e1ticas.<\/p>\n<p style=\"text-align: justify\">Putin dijo en la ceremonia organizada por el Kremlin con motivo del &#8220;D\u00eda del Defensor de la Patria,&#8221; \u00a0que los terroristas en Siria describen a Rusia como enemigo y no ocultan sus planes de expansi\u00f3n, agregando que las tropas rusas en Siria defienden los intereses nacionales de Rusia y ayudan a proteger a la poblaci\u00f3n civil del terrorismo, seg\u00fan transmiti\u00f3 el canal televisivo Rusia Hoy.<\/p>\n<p style=\"text-align: justify\">En el mismo contexto, el mandatario ruso Hizo hincapi\u00e9 en que la acci\u00f3n militar de la fuerza a\u00e9rea y las unidades navales y de apoyo merecen la mayor revalorizaci\u00f3n, indicando, que dichas fuerzas est\u00e1n trabajando con las fuerzas gubernamentales sirias y otros participantes en la guerra contra el terrorismo para aplastar a los militantes y salvar a la poblaci\u00f3n pac\u00edfica de la violencia, la barbarie y del abuso.<\/p>\n<p>M.Miri<\/p>\n","protected":false},"excerpt":{"rendered":"<p>Mosc\u00fa, SANA&#8211; El presidente ruso, Vladimir Putin, dijo que su pa\u00eds busca resolver la crisis en Siria a trav\u00e9s de v\u00edas pol\u00edticas y diplom\u00e1ticas. Putin dijo en la ceremonia organizada por el Kremlin con motivo del &#8220;D\u00eda del Defensor de la Patria,&#8221; \u00a0que los terroristas en Siria describen a Rusia como enemigo y no ocultan &hellip;<\/p>\n","protected":false},"author":1,"featured_media":38876,"comment_status":"closed","ping_status":"closed","sticky":false,"template":"","format":"standard","meta":{"footnotes":""},"categories":[467,7541],"tags":[8074],"class_list":["post-38875","post","type-post","status-publish","format-standard","has-post-thumbnail","","category-siria-y-el-mundo","category-ultimas-noticias","tag-putin-las-fuerzas-rusas-en-siria-defienden-los-intereses-nacionales-de-rusia-y-ayudan-a-proteger-a-los-civiles-del-terrorismo"],"_links":{"self":[{"href":"https:\/\/archive.sana.sy\/es\/index.php?rest_route=\/wp\/v2\/posts\/38875"}],"collection":[{"href":"https:\/\/archive.sana.sy\/es\/index.php?rest_route=\/wp\/v2\/posts"}],"about":[{"href":"https:\/\/archive.sana.sy\/es\/index.php?rest_route=\/wp\/v2\/types\/post"}],"author":[{"embeddable":true,"href":"https:\/\/archive.sana.sy\/es\/index.php?rest_route=\/wp\/v2\/users\/1"}],"replies":[{"embeddable":true,"href":"https:\/\/archive.sana.sy\/es\/index.php?rest_route=%2Fwp%2Fv2%2Fcomments&post=38875"}],"version-history":[{"count":0,"href":"https:\/\/archive.sana.sy\/es\/index.php?rest_route=\/wp\/v2\/posts\/38875\/revisions"}],"wp:featuredmedia":[{"embeddable":true,"href":"https:\/\/archive.sana.sy\/es\/index.php?rest_route=\/wp\/v2\/media\/38876"}],"wp:attachment":[{"href":"https:\/\/archive.sana.sy\/es\/index.php?rest_route=%2Fwp%2Fv2%2Fmedia&parent=38875"}],"wp:term":[{"taxonomy":"category","embeddable":true,"href":"https:\/\/archive.sana.sy\/es\/index.php?rest_route=%2Fwp%2Fv2%2Fcategories&post=38875"},{"taxonomy":"post_tag","embeddable":true,"href":"https:\/\/archive.sana.sy\/es\/index.php?rest_route=%2Fwp%2Fv2%2Ftags&post=38875"}],"curies":[{"name":"wp","href":"https:\/\/api.w.org\/{rel}","templated":true}]}}